{"id":9240,"date":"2025-09-29T10:01:56","date_gmt":"2025-09-29T09:01:56","guid":{"rendered":"https:\/\/tennistarragona.com\/%f0%9f%8e%97%ef%b8%8f-solidaridad-y-buen-ambiente-en-el-ultimo-otono-de-la-temporada\/"},"modified":"2025-09-29T10:37:18","modified_gmt":"2025-09-29T09:37:18","slug":"%f0%9f%8e%97%ef%b8%8f-solidaridad-y-buen-ambiente-en-el-ultimo-otono-de-la-temporada","status":"publish","type":"post","link":"https:\/\/tennistarragona.com\/es\/%f0%9f%8e%97%ef%b8%8f-solidaridad-y-buen-ambiente-en-el-ultimo-otono-de-la-temporada\/","title":{"rendered":"\ud83c\udf97\ufe0f Solidaridad y buen ambiente en el \u00faltimo oto\u00f1o de la temporada!"},"content":{"rendered":"\n<p>El viernes 26 de septiembre, el <em>Club Tennis Tarragona<\/em> acogi\u00f3 un <strong>Tardeo solidario<\/strong> para recaudar fondos en apoyo a la lucha contra el c\u00e1ncer en la provincia de Tarragona y las Terres de l&#8217;Ebre.<\/p>\n\n<p>El evento cont\u00f3 con la presencia de <strong>150 personas<\/strong> , que disfrutaron de una tarde de tapas, buen ambiente y solidaridad. Gracias a la participaci\u00f3n y generosidad de todos los asistentes, se recaudaron <strong>622,50 \u20ac<\/strong> , que se destinar\u00e1n \u00edntegramente a la causa. <\/p>\n\n<p>\ud83c\udf81 El sorteo de una mensualidad en la escuela de p\u00e1del adultos tuvo como ganadora a <strong>Bel\u00e9n Herrera<\/strong> .<\/p>\n\n<p>Aunque no se pudo contar con la sesi\u00f3n de <strong>DJ ICE<\/strong> tal y como estaba prevista, por motivos administrativos externos a la organizaci\u00f3n, agradecemos sinceramente su predisposici\u00f3n y apoyo.<\/p>\n\n<p>\ud83d\ude4c Queremos agradecer la colaboraci\u00f3n de <strong>DJ ICE<\/strong> , la <strong>familia Closa Clari\u00e0<\/strong> , los <strong>hermanos Magdalenos<\/strong> , el <strong>Club Tennis Tarragona<\/strong> y <strong>todo el equipo humano<\/strong> que hizo posible este evento solidario.<\/p>\n\n<p>\ud83d\udc4f Gracias por ayudarnos a ayudar!<\/p>\n","protected":false},"excerpt":{"rendered":"<p>El viernes 26 de septiembre, el Club Tennis Tarragona acogi\u00f3 un Tardeo solidario para recaudar fondos en apoyo a la lucha contra el c\u00e1ncer en la provincia de Tarragona y las Terres de l&#8217;Ebre. El evento cont\u00f3 con la presencia de 150 personas , que disfrutaron de una tarde de tapas, buen ambiente y solidaridad. [&hellip;]<\/p>\n","protected":false},"author":2,"featured_media":9230,"comment_status":"closed","ping_status":"closed","sticky":false,"template":"","format":"standard","meta":{"footnotes":""},"categories":[111],"tags":[],"class_list":["post-9240","post","type-post","status-publish","format-standard","has-post-thumbnail","hentry","category-sin-categorizar-es"],"_links":{"self":[{"href":"https:\/\/tennistarragona.com\/es\/wp-json\/wp\/v2\/posts\/9240","targetHints":{"allow":["GET"]}}],"collection":[{"href":"https:\/\/tennistarragona.com\/es\/wp-json\/wp\/v2\/posts"}],"about":[{"href":"https:\/\/tennistarragona.com\/es\/wp-json\/wp\/v2\/types\/post"}],"author":[{"embeddable":true,"href":"https:\/\/tennistarragona.com\/es\/wp-json\/wp\/v2\/users\/2"}],"replies":[{"embeddable":true,"href":"https:\/\/tennistarragona.com\/es\/wp-json\/wp\/v2\/comments?post=9240"}],"version-history":[{"count":1,"href":"https:\/\/tennistarragona.com\/es\/wp-json\/wp\/v2\/posts\/9240\/revisions"}],"predecessor-version":[{"id":9241,"href":"https:\/\/tennistarragona.com\/es\/wp-json\/wp\/v2\/posts\/9240\/revisions\/9241"}],"wp:featuredmedia":[{"embeddable":true,"href":"https:\/\/tennistarragona.com\/es\/wp-json\/wp\/v2\/media\/9230"}],"wp:attachment":[{"href":"https:\/\/tennistarragona.com\/es\/wp-json\/wp\/v2\/media?parent=9240"}],"wp:term":[{"taxonomy":"category","embeddable":true,"href":"https:\/\/tennistarragona.com\/es\/wp-json\/wp\/v2\/categories?post=9240"},{"taxonomy":"post_tag","embeddable":true,"href":"https:\/\/tennistarragona.com\/es\/wp-json\/wp\/v2\/tags?post=9240"}],"curies":[{"name":"wp","href":"https:\/\/api.w.org\/{rel}","templated":true}]}}