{"id":9214,"date":"2025-09-18T11:28:46","date_gmt":"2025-09-18T10:28:46","guid":{"rendered":"https:\/\/tennistarragona.com\/gracias-alberto\/"},"modified":"2025-09-24T08:27:31","modified_gmt":"2025-09-24T07:27:31","slug":"gracias-alberto","status":"publish","type":"post","link":"https:\/\/tennistarragona.com\/es\/gracias-alberto\/","title":{"rendered":"\u00a1Gracias, Alberto!"},"content":{"rendered":"\n<p>\u2728 Ayer vivimos una despedida muy especial por Alberto, que despu\u00e9s de 11 a\u00f1os deja el Club Tennis Tarragona para emprender un nuevo camino profesional.<\/p>\n\n<p>Han sido m\u00e1s de una d\u00e9cada llena de pasi\u00f3n por el tenis, dedicaci\u00f3n y compromiso con la competici\u00f3n, con la Escuela y con todos nosotros.<\/p>\n\n<p>Gracias, Alberto, por todo lo que has aportado y compartido. Tu legado \u2014tanto en pista como fuera de ella\u2014 siempre formar\u00e1 parte de nuestro Club. <\/p>\n\n<p>\ud83d\ude4c El acto estuvo conducido por Marc Mas, director de la Escuela de Tenis, y cont\u00f3 con la presencia de Pol Virgili, miembro de la Junta Directiva, y de nuestro presidente Luis Salas. Un agradecimiento tambi\u00e9n a todos los que comparti\u00f3 con nosotros este momento tan emotivo. <\/p>\n\n<p>\ud83c\udfe0 Alberto, \u00e9sta siempre ser\u00e1 tu casa. Te deseamos lo mejor en esta nueva etapa que empiezas. <\/p>\n\n<p>\u00a1Click <a href=\"https:\/\/www.flickr.com\/photos\/201175535@N05\/albums\/72177720329097895\" target=\"_blank\" rel=\"noopener\">AQU\u00cd<\/a> para ver todas las fotos!<\/p>\n\n<p><\/p>\n","protected":false},"excerpt":{"rendered":"<p>\u2728 Ayer vivimos una despedida muy especial por Alberto, que despu\u00e9s de 11 a\u00f1os deja el Club Tennis Tarragona para emprender un nuevo camino profesional. Han sido m\u00e1s de una d\u00e9cada llena de pasi\u00f3n por el tenis, dedicaci\u00f3n y compromiso con la competici\u00f3n, con la Escuela y con todos nosotros. Gracias, Alberto, por todo lo [&hellip;]<\/p>\n","protected":false},"author":2,"featured_media":9156,"comment_status":"closed","ping_status":"closed","sticky":false,"template":"","format":"standard","meta":{"footnotes":""},"categories":[111],"tags":[51],"class_list":["post-9214","post","type-post","status-publish","format-standard","has-post-thumbnail","hentry","category-sin-categorizar-es","tag-tennis-es"],"_links":{"self":[{"href":"https:\/\/tennistarragona.com\/es\/wp-json\/wp\/v2\/posts\/9214","targetHints":{"allow":["GET"]}}],"collection":[{"href":"https:\/\/tennistarragona.com\/es\/wp-json\/wp\/v2\/posts"}],"about":[{"href":"https:\/\/tennistarragona.com\/es\/wp-json\/wp\/v2\/types\/post"}],"author":[{"embeddable":true,"href":"https:\/\/tennistarragona.com\/es\/wp-json\/wp\/v2\/users\/2"}],"replies":[{"embeddable":true,"href":"https:\/\/tennistarragona.com\/es\/wp-json\/wp\/v2\/comments?post=9214"}],"version-history":[{"count":1,"href":"https:\/\/tennistarragona.com\/es\/wp-json\/wp\/v2\/posts\/9214\/revisions"}],"predecessor-version":[{"id":9215,"href":"https:\/\/tennistarragona.com\/es\/wp-json\/wp\/v2\/posts\/9214\/revisions\/9215"}],"wp:featuredmedia":[{"embeddable":true,"href":"https:\/\/tennistarragona.com\/es\/wp-json\/wp\/v2\/media\/9156"}],"wp:attachment":[{"href":"https:\/\/tennistarragona.com\/es\/wp-json\/wp\/v2\/media?parent=9214"}],"wp:term":[{"taxonomy":"category","embeddable":true,"href":"https:\/\/tennistarragona.com\/es\/wp-json\/wp\/v2\/categories?post=9214"},{"taxonomy":"post_tag","embeddable":true,"href":"https:\/\/tennistarragona.com\/es\/wp-json\/wp\/v2\/tags?post=9214"}],"curies":[{"name":"wp","href":"https:\/\/api.w.org\/{rel}","templated":true}]}}