{"id":7638,"date":"2025-08-05T14:19:22","date_gmt":"2025-08-05T13:19:22","guid":{"rendered":"https:\/\/tennistarragona.com\/nocturn-de-lexus-2025\/"},"modified":"2025-08-05T14:26:09","modified_gmt":"2025-08-05T13:26:09","slug":"nocturn-de-lexus-2025","status":"publish","type":"post","link":"https:\/\/tennistarragona.com\/es\/nocturn-de-lexus-2025\/","title":{"rendered":"NOCTURN DE LEXUS 2025"},"content":{"rendered":"\n<p>M\u00e1s de 150 pares han formado parte del torneo estrella de l&#8217;estiu al Club Tennis Tarragona: el <strong>Nocturn by Lexus 2025<\/strong> . Durant tota una setmana, socis, familiares i amics han gaudit d&#8217;enfrontaments intensos tant a les pistes de tenis com de p\u00e0del, amb muy bon ambient i ganes de competidor. <\/p>\n\n<p>El torneig va a culminar con una <strong>edici\u00f3n especial con un sopar de blanc<\/strong> , amenizada por <strong>DJ Christian Compte<\/strong> , director de T\u00f2tem Caf\u00e9 y T\u00f2tem Discoteca, que ens va ofrecer tres horas de m\u00fasica en directo, creando una atm\u00f3sfera \u00fanica y festiva al club.<\/p>\n\n<p>Desde el CTT volem agrair de tot cor la participaci\u00f3n de todos los jugadores y asistentes, adem\u00e1s con el gran ambiente que se ha generado aquests dies. Tambi\u00e9n quiero ofrecer una menci\u00f3n especial al <strong>patrocinador oficial Grup Pons \u2013 Lexus<\/strong> , que sorprender\u00e1 a todos los participantes con la selecci\u00f3n de una <strong>incre\u00edble experiencia Lexus<\/strong> : una noche en el hotel Meridien Ra con un veh\u00edculo Lexus de primera gama a disposici\u00f3n. <\/p>\n\n<p>Consulta a continuaci\u00f3n los <strong>campions i finalistes de cada categor\u00eda<\/strong> . \u00a1Enhorabona a tots\/es! <\/p>\n\n<h2 class=\"wp-block-heading\">\ud83c\udfbe <strong>Cuadro de Honor \u2013 Tenis<\/strong><\/h2>\n\n<p><strong>Categor\u00eda masculina<\/strong><br\/> Campeones: Benediktas Verkovskis y Gen\u00eds Ribas<br\/> Finalistas: Adri\u00e0 Pluvinet y Guillem Pluvinet<\/p>\n\n<p><strong>Categor\u00eda Femenina<\/strong><br\/> Campeones: Maria B\u00e1rbara Peek y Liliana del Valle Giordano<br\/> Finalistas: \u00c0urea G\u00f3mez Mej\u00edas y N\u00faria Trilla<\/p>\n\n<p><strong>Categor\u00eda Mixta<\/strong><br\/> Campeones: Toni Rovira e Isabel Tabue\u00f1a<br\/> Finalistas: Aida Castellanos y Sebasti\u00e0 Sastriues<\/p>\n\n<p><strong>Categor\u00eda Veteranos<\/strong><br\/> Campeones: Francisco D\u00edaz y Francisco Ram\u00edrez<br\/> Finalistas: Rafa D\u00edaz y Jaume Celmet<\/p>\n\n<p><strong>Categoria Pares i Fills 1a Categoria<\/strong><br\/> Campeones: Fernando Elvira y Bruno Dur\u00e1n<br\/> Finalistas: Ferran D\u00edaz de Argando\u00f1a Espinoza i Ferran D\u00edaz de Argando\u00f1a Veciana<\/p>\n\n<p><strong>Categoria Pares i Fills 2a Categoria<\/strong><br\/> Campeones: Juncal Maria Garc\u00eda y Judith Escute<br\/> Finalistas: Gerard Teixid\u00f3 y Georgia Gonz\u00e1lez<\/p>\n\n<p><strong>Categor\u00eda Juvenil 1a Categor\u00eda<\/strong><br\/> Campeones: Valeria Gimeno y Carla Meran<br\/> Finalistas: Mar Cabr\u00e9 y J\u00falia Teixid\u00f3<\/p>\n\n<p><strong>Categor\u00eda Juvenil 2a Categor\u00eda<\/strong><br\/> Campeones: Ramiro Ram\u00edrez y Bruno Duran<br\/> Finalistas: Mateo Navaridas y Jaume Fullana<\/p>\n\n<hr class=\"wp-block-separator has-alpha-channel-opacity\"\/>\n\n<h2 class=\"wp-block-heading\">\ud83e\udd4e <strong>Cuadro de Honor \u2013 P\u00e0del<\/strong><\/h2>\n\n<p><strong>Categoria Pares i Fills 1a Categoria<\/strong><br\/> Campeones: Nico Dur\u00e1n y Eric Mata<br\/> Finalistas: Paula Mart\u00ed y Sergi Mart\u00ed<\/p>\n\n<p><strong>Categoria Pares i Fills 2a Categoria<\/strong><br\/> Campeones: Pau Vives y David Vives<br\/> Finalistas: In\u00e9s Mendoza y Alexis Mendoza<\/p>\n\n<p><strong>Categor\u00eda Mixta 1a Categor\u00eda<\/strong><br\/> Campeones: S\u00f2nia Poveda y Pedro Guti\u00e9rrez<br\/> Finalistas: Cl\u00e0udia Estrade i Pol Virgili<\/p>\n\n<p><strong>Categor\u00eda Mixta 2a Categor\u00eda<\/strong><br\/> Campeones: \u00c0ngels Garc\u00eda y Juan San Miquel<br\/> Finalistas: Laia Meran y Pol P\u00e9rez<\/p>\n\n<p><strong>Categor\u00eda Mixta 3a Categor\u00eda<\/strong><br\/> Campeones: David Giraldo y Marta Angl\u00e8s<br\/> Finalistas: Imma Felipe y Jos\u00e9 Luis Solans<\/p>\n\n<p><strong>Categor\u00eda Masculina 1a Categor\u00eda<\/strong><br\/> Campeones: Albert Bozalongo y \u00c0lex Valeriano<br\/> Finalistas: Alberto Gil y Pedro Guti\u00e9rrez<\/p>\n\n<p><strong>Categor\u00eda Masculina 2a Categor\u00eda<\/strong><br\/> Campeones: Michele Burla y Fernando Castej\u00f3n<br\/> Finalistas: Jordi Amate y David Vives<\/p>\n\n<p><strong>Categor\u00eda Masculina 3a Categor\u00eda<\/strong><br\/> Campeones: Adri\u00e1n Lara i Iv\u00e1n Romero<br\/> Finalistas: Jan Ferrer y Aleix Tom\u00e1s<\/p>\n\n<p><strong>Categor\u00eda Femenina 1a Categor\u00eda<\/strong><br\/> Campeones: Ornella Visotto y Laura Fumagalli<br\/> Finalistas: Sebi Valverde y Ver\u00f3nica Corrochano<\/p>\n\n<p><strong>Categor\u00eda Femenina 2a Categor\u00eda<\/strong><br\/> Campeones: Carla Meran y Valeria Gimeno<br\/> Finalistas: Montse Freixas y Montse Blanch<\/p>\n\n<p>\u00a1TODAS LAS FOTOS AQU\u00cd!<\/p>\n\n<figure class=\"wp-block-embed is-type-rich is-provider-flickr wp-block-embed-flickr\"><div class=\"wp-block-embed__wrapper\">\n<a data-flickr-embed=\"true\" href=\"https:\/\/www.flickr.com\/photos\/201175535@N05\/albums\/72177720328171457\" title=\"NOCTURN BY LEXUS 2025 by club tennis tarragona, on Flickr\" target=\"_blank\" rel=\"noopener\"><img fetchpriority=\"high\" decoding=\"async\" src=\"https:\/\/live.staticflickr.com\/65535\/54701657333_f55c79337c_c.jpg\" width=\"800\" height=\"600\" alt=\"IMG-20250730-WA0011\" title=\"\"><\/a><script async src='https:\/\/embedr.flickr.com\/assets\/client-code.js' charset='utf-8'><\/script>\n<\/div><\/figure>\n","protected":false},"excerpt":{"rendered":"<p>M\u00e1s de 150 pares han formado parte del torneo estrella de l&#8217;estiu al Club Tennis Tarragona: el Nocturn by Lexus 2025 . Durant tota una setmana, socis, familiares i amics han gaudit d&#8217;enfrontaments intensos tant a les pistes de tenis com de p\u00e0del, amb muy bon ambient i ganes de competidor. El torneig va a [&hellip;]<\/p>\n","protected":false},"author":2,"featured_media":7633,"comment_status":"closed","ping_status":"closed","sticky":false,"template":"","format":"standard","meta":{"footnotes":""},"categories":[111],"tags":[],"class_list":["post-7638","post","type-post","status-publish","format-standard","has-post-thumbnail","hentry","category-sin-categorizar-es"],"_links":{"self":[{"href":"https:\/\/tennistarragona.com\/es\/wp-json\/wp\/v2\/posts\/7638","targetHints":{"allow":["GET"]}}],"collection":[{"href":"https:\/\/tennistarragona.com\/es\/wp-json\/wp\/v2\/posts"}],"about":[{"href":"https:\/\/tennistarragona.com\/es\/wp-json\/wp\/v2\/types\/post"}],"author":[{"embeddable":true,"href":"https:\/\/tennistarragona.com\/es\/wp-json\/wp\/v2\/users\/2"}],"replies":[{"embeddable":true,"href":"https:\/\/tennistarragona.com\/es\/wp-json\/wp\/v2\/comments?post=7638"}],"version-history":[{"count":1,"href":"https:\/\/tennistarragona.com\/es\/wp-json\/wp\/v2\/posts\/7638\/revisions"}],"predecessor-version":[{"id":7639,"href":"https:\/\/tennistarragona.com\/es\/wp-json\/wp\/v2\/posts\/7638\/revisions\/7639"}],"wp:featuredmedia":[{"embeddable":true,"href":"https:\/\/tennistarragona.com\/es\/wp-json\/wp\/v2\/media\/7633"}],"wp:attachment":[{"href":"https:\/\/tennistarragona.com\/es\/wp-json\/wp\/v2\/media?parent=7638"}],"wp:term":[{"taxonomy":"category","embeddable":true,"href":"https:\/\/tennistarragona.com\/es\/wp-json\/wp\/v2\/categories?post=7638"},{"taxonomy":"post_tag","embeddable":true,"href":"https:\/\/tennistarragona.com\/es\/wp-json\/wp\/v2\/tags?post=7638"}],"curies":[{"name":"wp","href":"https:\/\/api.w.org\/{rel}","templated":true}]}}