{"id":7577,"date":"2025-07-30T09:34:46","date_gmt":"2025-07-30T08:34:46","guid":{"rendered":"https:\/\/tennistarragona.com\/resultados-destacados-tenis-21-27-de-julio\/"},"modified":"2025-08-02T13:02:53","modified_gmt":"2025-08-02T12:02:53","slug":"resultados-destacados-tenis-21-27-de-julio","status":"publish","type":"post","link":"https:\/\/tennistarragona.com\/es\/resultados-destacados-tenis-21-27-de-julio\/","title":{"rendered":"Resultados destacados tenis (21-27 de julio)"},"content":{"rendered":"\n<h3 class=\"wp-block-heading\">\u00a1La secci\u00f3n de tenis del <strong>Club Tennis Tarragona<\/strong> sigue sumando \u00e9xitos este verano! \ud83d\udd25 Nuestros j\u00f3venes han brillado en competiciones nacionales con resultados destacados que demuestran el alto nivel del trabajo que se est\u00e1 haciendo en el club. \u00a1Enhorabuena a todos y todas! \ud83d\udc4f\ud83d\udd1d   <\/h3>\n\n<h4 class=\"wp-block-heading\">\ud83c\udfc6 <strong>Warriors Tour \u2013 CT Castell\u00f3<\/strong><\/h4>\n\n<ul class=\"wp-block-list\">\n<li>\ud83e\udd47 <strong>Ramiro Romero<\/strong> &#8211; Campe\u00f3n en dobles Benjam\u00edn Masculino<\/li>\n\n\n\n<li>\ud83e\udd47 <strong>N\u00faria Bonet<\/strong> \u2013 Campeona en individual Cadete Femenino<\/li>\n\n\n\n<li>\ud83e\udd48 <strong>Pol Mas y Marcel Pons<\/strong> \u2013 Subcampeones en dobles Cadete Masculino<\/li>\n\n\n\n<li>\ud83e\udd47 <strong>Nayara Sanjuan<\/strong> \u2013 Campeona en dobles Cadete Femenino<\/li>\n<\/ul>\n\n<h4 class=\"wp-block-heading\">\ud83c\udfc6 <strong>Torneo de Verano \u2013 CS Cunit<\/strong><\/h4>\n\n<ul class=\"wp-block-list\">\n<li>\ud83e\udd48 <strong>Jaume Montero<\/strong> &#8211; Finalista Infantil Masculino<\/li>\n\n\n\n<li>\ud83e\udd48 <strong>Valeria Gimeno<\/strong> \u2013 Finalista J\u00fanior Femenino<\/li>\n\n\n\n<li>\ud83c\udfc6 <strong>Jordi Young<\/strong> \u2013 Campe\u00f3n de Consolaci\u00f3n Infantil<\/li>\n<\/ul>\n\n<h4 class=\"wp-block-heading\">\ud83c\udfc6 <strong>As Young Tour \u2013<\/strong> Llafranc<\/h4>\n\n<p><strong>Alba Baiget<\/strong> se proclama <strong>campeona alev\u00edn femenino<\/strong> en el <strong>circuito nacional.<\/strong> \u00a1Un hito muy destacado que confirma su gran proyecci\u00f3n y su esfuerzo constante! \ud83c\udfaf\ud83c\udfbe <\/p>\n\n<p>\u00a1Seguimos trabajando con ilusi\u00f3n y constancia! \ud83d\udca5 Felicidades a todos los jugadores y jugadoras, as\u00ed como al equipo t\u00e9cnico, por hacer crecer la secci\u00f3n d\u00eda tras d\u00eda. <strong>\u00a1A por m\u00e1s!<\/strong> \ud83d\udd1d <\/p>\n","protected":false},"excerpt":{"rendered":"<p>\u00a1La secci\u00f3n de tenis del Club Tennis Tarragona sigue sumando \u00e9xitos este verano! \ud83d\udd25 Nuestros j\u00f3venes han brillado en competiciones nacionales con resultados destacados que demuestran el alto nivel del trabajo que se est\u00e1 haciendo en el club. \u00a1Enhorabuena a todos y todas! \ud83d\udc4f\ud83d\udd1d \ud83c\udfc6 Warriors Tour \u2013 CT Castell\u00f3 \ud83c\udfc6 Torneo de Verano \u2013 [&hellip;]<\/p>\n","protected":false},"author":2,"featured_media":5850,"comment_status":"closed","ping_status":"closed","sticky":false,"template":"","format":"standard","meta":{"footnotes":""},"categories":[111],"tags":[],"class_list":["post-7577","post","type-post","status-publish","format-standard","has-post-thumbnail","hentry","category-sin-categorizar-es"],"_links":{"self":[{"href":"https:\/\/tennistarragona.com\/es\/wp-json\/wp\/v2\/posts\/7577","targetHints":{"allow":["GET"]}}],"collection":[{"href":"https:\/\/tennistarragona.com\/es\/wp-json\/wp\/v2\/posts"}],"about":[{"href":"https:\/\/tennistarragona.com\/es\/wp-json\/wp\/v2\/types\/post"}],"author":[{"embeddable":true,"href":"https:\/\/tennistarragona.com\/es\/wp-json\/wp\/v2\/users\/2"}],"replies":[{"embeddable":true,"href":"https:\/\/tennistarragona.com\/es\/wp-json\/wp\/v2\/comments?post=7577"}],"version-history":[{"count":2,"href":"https:\/\/tennistarragona.com\/es\/wp-json\/wp\/v2\/posts\/7577\/revisions"}],"predecessor-version":[{"id":7614,"href":"https:\/\/tennistarragona.com\/es\/wp-json\/wp\/v2\/posts\/7577\/revisions\/7614"}],"wp:featuredmedia":[{"embeddable":true,"href":"https:\/\/tennistarragona.com\/es\/wp-json\/wp\/v2\/media\/5850"}],"wp:attachment":[{"href":"https:\/\/tennistarragona.com\/es\/wp-json\/wp\/v2\/media?parent=7577"}],"wp:term":[{"taxonomy":"category","embeddable":true,"href":"https:\/\/tennistarragona.com\/es\/wp-json\/wp\/v2\/categories?post=7577"},{"taxonomy":"post_tag","embeddable":true,"href":"https:\/\/tennistarragona.com\/es\/wp-json\/wp\/v2\/tags?post=7577"}],"curies":[{"name":"wp","href":"https:\/\/api.w.org\/{rel}","templated":true}]}}