{"id":7395,"date":"2025-07-02T10:33:47","date_gmt":"2025-07-02T09:33:47","guid":{"rendered":"https:\/\/tennistarragona.com\/%f0%9f%8e%be-gran-tardeo-americana-de-padel-deporte-musica-y-fiesta-en-el-ctt\/"},"modified":"2025-07-08T16:35:56","modified_gmt":"2025-07-08T15:35:56","slug":"%f0%9f%8e%be-gran-tardeo-americana-de-padel-deporte-musica-y-fiesta-en-el-ctt","status":"publish","type":"post","link":"https:\/\/tennistarragona.com\/es\/%f0%9f%8e%be-gran-tardeo-americana-de-padel-deporte-musica-y-fiesta-en-el-ctt\/","title":{"rendered":"\ud83c\udfbe Gran Tardeo &amp; Americana de P\u00e1del: Deporte, m\u00fasica y fiesta en el CTT!"},"content":{"rendered":"\n<p>El pasado viernes 27 de junio, el Club Tennis Tarragona vivi\u00f3 una de las jornadas m\u00e1s especiales de lo que llevamos de verano. Con una gran participaci\u00f3n y ambiente inmejorable, la actividad combin\u00f3 competici\u00f3n deportiva y ocio de una forma \u00fanica. <\/p>\n\n<p>La tarde empez\u00f3 con la <strong>Americana de P\u00e1del<\/strong> , donde una <strong>treintena de parejas<\/strong> disfrutaron de una competici\u00f3n l\u00fadica y muy din\u00e1mica en nuestras pistas.  <\/p>\n\n<p>Una vez finalizados los partidos&#8230; el club se transform\u00f3 para dar paso al <strong>Gran Tardeo del CTT<\/strong> , con m\u00e1s de <strong>150 personas<\/strong> que llenaron la terraza para vivir una experiencia distinta.<\/p>\n\n<p>La mejor m\u00fasica lleg\u00f3 de la mano de los <strong>DJ Santi Cabrerizo y Christian Compte<\/strong> , residentes de la m\u00edtica <strong>Discoteca T\u00f2tem<\/strong> , que hicieron bailar y vibrar a los asistentes hasta bien entrada la noche.<\/p>\n\n<p>Con esta propuesta, el CTT apuesta por ofrecer un verano lleno de actividades que combinan <strong>deporte, m\u00fasica y comunidad<\/strong> .<br\/> \u00a1Una f\u00f3rmula de \u00e9xito que ha llegado para quedarse!<\/p>\n\n<p>Gracias a todo el mundo por formar parte de este inicio de temporada. Y est\u00e9 atentos&#8230; \u00a1porque esto apenas empieza! <\/p>\n\n<p>\u00a1CLIC <a href=\"https:\/\/www.flickr.com\/photos\/201175535@N05\/albums\/72177720327262556\/\" target=\"_blank\" rel=\"noopener\">AQU\u00cd<\/a> PARA VER M\u00c1S FOTOS!<\/p>\n","protected":false},"excerpt":{"rendered":"<p>El pasado viernes 27 de junio, el Club Tennis Tarragona vivi\u00f3 una de las jornadas m\u00e1s especiales de lo que llevamos de verano. Con una gran participaci\u00f3n y ambiente inmejorable, la actividad combin\u00f3 competici\u00f3n deportiva y ocio de una forma \u00fanica. La tarde empez\u00f3 con la Americana de P\u00e1del , donde una treintena de parejas [&hellip;]<\/p>\n","protected":false},"author":2,"featured_media":7374,"comment_status":"closed","ping_status":"closed","sticky":false,"template":"","format":"standard","meta":{"footnotes":""},"categories":[111],"tags":[113],"class_list":["post-7395","post","type-post","status-publish","format-standard","has-post-thumbnail","hentry","category-sin-categorizar-es","tag-social-es"],"_links":{"self":[{"href":"https:\/\/tennistarragona.com\/es\/wp-json\/wp\/v2\/posts\/7395","targetHints":{"allow":["GET"]}}],"collection":[{"href":"https:\/\/tennistarragona.com\/es\/wp-json\/wp\/v2\/posts"}],"about":[{"href":"https:\/\/tennistarragona.com\/es\/wp-json\/wp\/v2\/types\/post"}],"author":[{"embeddable":true,"href":"https:\/\/tennistarragona.com\/es\/wp-json\/wp\/v2\/users\/2"}],"replies":[{"embeddable":true,"href":"https:\/\/tennistarragona.com\/es\/wp-json\/wp\/v2\/comments?post=7395"}],"version-history":[{"count":1,"href":"https:\/\/tennistarragona.com\/es\/wp-json\/wp\/v2\/posts\/7395\/revisions"}],"predecessor-version":[{"id":7396,"href":"https:\/\/tennistarragona.com\/es\/wp-json\/wp\/v2\/posts\/7395\/revisions\/7396"}],"wp:featuredmedia":[{"embeddable":true,"href":"https:\/\/tennistarragona.com\/es\/wp-json\/wp\/v2\/media\/7374"}],"wp:attachment":[{"href":"https:\/\/tennistarragona.com\/es\/wp-json\/wp\/v2\/media?parent=7395"}],"wp:term":[{"taxonomy":"category","embeddable":true,"href":"https:\/\/tennistarragona.com\/es\/wp-json\/wp\/v2\/categories?post=7395"},{"taxonomy":"post_tag","embeddable":true,"href":"https:\/\/tennistarragona.com\/es\/wp-json\/wp\/v2\/tags?post=7395"}],"curies":[{"name":"wp","href":"https:\/\/api.w.org\/{rel}","templated":true}]}}