{"id":7198,"date":"2025-06-17T14:45:16","date_gmt":"2025-06-17T13:45:16","guid":{"rendered":"https:\/\/tennistarragona.com\/%f0%9f%8e%89-fiesta-de-clausura-de-las-escuelas-e-inicio-de-estancias-2025-una-tarde-para-recordar\/"},"modified":"2025-06-18T14:15:27","modified_gmt":"2025-06-18T13:15:27","slug":"%f0%9f%8e%89-fiesta-de-clausura-de-las-escuelas-e-inicio-de-estancias-2025-una-tarde-para-recordar","status":"publish","type":"post","link":"https:\/\/tennistarragona.com\/es\/%f0%9f%8e%89-fiesta-de-clausura-de-las-escuelas-e-inicio-de-estancias-2025-una-tarde-para-recordar\/","title":{"rendered":"\ud83c\udf89 Fiesta de clausura de las escuelas e inicio de estancias 2025: una tarde para recordar!"},"content":{"rendered":"\n<p>El viernes 7 de junio el Club Tennis Tarragona vivi\u00f3 una de las tardes m\u00e1s especiales del a\u00f1o. M\u00e1s de <strong>200 ni\u00f1os y ni\u00f1as<\/strong> de las escuelas de tenis, p\u00e1del, P\u00e1del contigo y el grupo de estancias disfrutaron de una jornada llena de <strong>diversi\u00f3n, emoci\u00f3n y comunidad<\/strong> . <\/p>\n\n<p>Durante tres horas, el club se transform\u00f3 en un espacio m\u00e1gico con:<\/p>\n\n<ul class=\"wp-block-list\">\n<li><strong>Hinchables y pinta caras<\/strong><\/li>\n\n\n\n<li><strong>Merienda  <\/strong><\/li>\n\n\n\n<li><strong>Piscina, animaci\u00f3n y baile<\/strong><\/li>\n\n\n\n<li><strong>Desfile de todos los grupos y gran foto final de temporada<\/strong><\/li>\n<\/ul>\n\n<p>Una celebraci\u00f3n que reuni\u00f3 <strong>a familias, entrenadores y trabajadores<\/strong> del club en un ambiente de complicidad y orgullo compartido. Sin lugar a dudas, un <strong>final de temporada memorable<\/strong> \u2026 y el inicio perfecto para un verano que ya est\u00e1 aqu\u00ed! <\/p>\n\n<p>\u2764 \ud83d\udda4 Gracias a todas las personas que lo han hecho posible!<\/p>\n\n<p>\ud83d\udcf8 Mira todas las im\u00e1genes en nuestra galer\u00eda y vuelve a revivir cada momento \ud83d\udc49 <a href=\"https:\/\/www.flickr.com\/photos\/201175535@N05\/albums\/72177720326913446\/\" target=\"_blank\" rel=\"noopener\">AQU\u00cd!<\/a><\/p>\n","protected":false},"excerpt":{"rendered":"<p>El viernes 7 de junio el Club Tennis Tarragona vivi\u00f3 una de las tardes m\u00e1s especiales del a\u00f1o. M\u00e1s de 200 ni\u00f1os y ni\u00f1as de las escuelas de tenis, p\u00e1del, P\u00e1del contigo y el grupo de estancias disfrutaron de una jornada llena de diversi\u00f3n, emoci\u00f3n y comunidad . Durante tres horas, el club se transform\u00f3 [&hellip;]<\/p>\n","protected":false},"author":2,"featured_media":7195,"comment_status":"closed","ping_status":"closed","sticky":false,"template":"","format":"standard","meta":{"footnotes":""},"categories":[111],"tags":[],"class_list":["post-7198","post","type-post","status-publish","format-standard","has-post-thumbnail","hentry","category-sin-categorizar-es"],"_links":{"self":[{"href":"https:\/\/tennistarragona.com\/es\/wp-json\/wp\/v2\/posts\/7198","targetHints":{"allow":["GET"]}}],"collection":[{"href":"https:\/\/tennistarragona.com\/es\/wp-json\/wp\/v2\/posts"}],"about":[{"href":"https:\/\/tennistarragona.com\/es\/wp-json\/wp\/v2\/types\/post"}],"author":[{"embeddable":true,"href":"https:\/\/tennistarragona.com\/es\/wp-json\/wp\/v2\/users\/2"}],"replies":[{"embeddable":true,"href":"https:\/\/tennistarragona.com\/es\/wp-json\/wp\/v2\/comments?post=7198"}],"version-history":[{"count":1,"href":"https:\/\/tennistarragona.com\/es\/wp-json\/wp\/v2\/posts\/7198\/revisions"}],"predecessor-version":[{"id":7199,"href":"https:\/\/tennistarragona.com\/es\/wp-json\/wp\/v2\/posts\/7198\/revisions\/7199"}],"wp:featuredmedia":[{"embeddable":true,"href":"https:\/\/tennistarragona.com\/es\/wp-json\/wp\/v2\/media\/7195"}],"wp:attachment":[{"href":"https:\/\/tennistarragona.com\/es\/wp-json\/wp\/v2\/media?parent=7198"}],"wp:term":[{"taxonomy":"category","embeddable":true,"href":"https:\/\/tennistarragona.com\/es\/wp-json\/wp\/v2\/categories?post=7198"},{"taxonomy":"post_tag","embeddable":true,"href":"https:\/\/tennistarragona.com\/es\/wp-json\/wp\/v2\/tags?post=7198"}],"curies":[{"name":"wp","href":"https:\/\/api.w.org\/{rel}","templated":true}]}}