{"id":7112,"date":"2025-06-10T09:47:18","date_gmt":"2025-06-10T08:47:18","guid":{"rendered":"https:\/\/tennistarragona.com\/%f0%9f%8e%89-el-club-tennis-tarragona-reconocido-como-club-de-excelencia-2025-en-la-diada-del-tenis-provincial\/"},"modified":"2025-06-10T10:12:33","modified_gmt":"2025-06-10T09:12:33","slug":"%f0%9f%8e%89-el-club-tennis-tarragona-reconocido-como-club-de-excelencia-2025-en-la-diada-del-tenis-provincial","status":"publish","type":"post","link":"https:\/\/tennistarragona.com\/es\/%f0%9f%8e%89-el-club-tennis-tarragona-reconocido-como-club-de-excelencia-2025-en-la-diada-del-tenis-provincial\/","title":{"rendered":"\ud83c\udf89 El Club Tennis Tarragona, reconocido como Club de Excelencia 2025 en la Diada del Tenis Provincial"},"content":{"rendered":"\n<p>El pasado viernes, San Carlos de la R\u00e1pita acogi\u00f3 el <strong>D\u00eda del Tenis Provincial 2024<\/strong> , y el <strong>Club Tennis Tarragona<\/strong> fue uno de los grandes protagonistas de la jornada. En un acto lleno de emoci\u00f3n y reconocimiento deportivo, nuestro club fue galardonado con el prestigioso <strong>Galard\u00f3n Especial \u201cClub de Excelencia 2025\u201d<\/strong> , un t\u00edtulo que reconoce el esfuerzo colectivo, el rendimiento deportivo y los valores que el club promueve. <\/p>\n\n<p>Adem\u00e1s, el CTT fue reconocido por los grandes resultados alcanzados durante la temporada 2023\/2024, tanto en el \u00e1mbito <strong>provincial<\/strong> como en los <strong>Campeonatos de Catalu\u00f1a y de Espa\u00f1a por equipos<\/strong> . \u00a1Un a\u00f1o lleno de t\u00edtulos y hitos hist\u00f3ricos! <\/p>\n\n<h3 class=\"wp-block-heading\">\ud83c\udfc6 Campeonatos Provinciales por Equipos 2023\/24<\/h3>\n\n<ul class=\"wp-block-list\">\n<li>\ud83e\udd47 <strong>Campe\u00f3n Benjam\u00edn Femenino D1<\/strong><\/li>\n\n\n\n<li>\ud83e\udd48 Subcampe\u00f3n Alev\u00edn Masculino D1<\/li>\n\n\n\n<li>\ud83e\udd47 Campe\u00f3n Alev\u00edn Masculino D3<\/li>\n\n\n\n<li>\ud83e\udd48 Subcampe\u00f3n Alev\u00edn Femenino D1<\/li>\n\n\n\n<li>\ud83e\udd47 Campe\u00f3n Infantil Masculino D1<\/li>\n\n\n\n<li>\ud83e\udd48 Subcampe\u00f3n Infantil Masculino D2<\/li>\n\n\n\n<li>\ud83e\udd48 Subcampe\u00f3n Infantil Femenino D1<\/li>\n\n\n\n<li>\ud83e\udd48 Subcampe\u00f3n Infantil Femenino D3<\/li>\n\n\n\n<li>\ud83e\udd48 Subcampe\u00f3n Cadete Masculino D1<\/li>\n\n\n\n<li>\ud83e\udd48 Subcampe\u00f3n Cadete Femenino D1<\/li>\n\n\n\n<li>\ud83e\udd47 Campe\u00f3n J\u00fanior Masculino D1<\/li>\n\n\n\n<li>\ud83e\udd47 Campe\u00f3n Absoluto Masculino D1<\/li>\n\n\n\n<li>\ud83e\udd48 Subcampe\u00f3n +40 Masculino D1<\/li>\n<\/ul>\n\n<h3 class=\"wp-block-heading\">\ud83e\udd47 Campeonatos de Catalu\u00f1a y de Espa\u00f1a por equipos 2024<\/h3>\n\n<ul class=\"wp-block-list\">\n<li>\ud83c\udfc6 <strong>Campe\u00f3n de Catalu\u00f1a Benjam\u00edn Femenino<\/strong><\/li>\n\n\n\n<li>\ud83c\udfc6 Campe\u00f3n de Catalu\u00f1a Alev\u00ed Femenino D2<\/li>\n\n\n\n<li>\ud83c\udfc6 Campe\u00f3n de Catalu\u00f1a Infantil Masculino<\/li>\n\n\n\n<li>\ud83c\udfc6 Campe\u00f3n de Catalu\u00f1a Infantil Masculino D2<\/li>\n\n\n\n<li>\ud83c\udfc6 Campe\u00f3n de Catalu\u00f1a 3a Categor\u00eda Masculino D2<\/li>\n\n\n\n<li>\ud83c\udfc6 Campe\u00f3n de Catalu\u00f1a Trofeo Generalitat Infantil Masculino<\/li>\n\n\n\n<li>\ud83e\udd48 Finalista Campeonato de Espa\u00f1a Infantil Masculino<\/li>\n<\/ul>\n\n<p>Un a\u00f1o de <strong>crecimiento, consolidaci\u00f3n y \u00e9xito deportivo<\/strong> que consolida al CTT como una referencia del tenis en Catalu\u00f1a.<\/p>\n\n<p>\ud83d\udd34 SOMOS CTT!<br\/><\/p>\n","protected":false},"excerpt":{"rendered":"<p>El pasado viernes, San Carlos de la R\u00e1pita acogi\u00f3 el D\u00eda del Tenis Provincial 2024 , y el Club Tennis Tarragona fue uno de los grandes protagonistas de la jornada. En un acto lleno de emoci\u00f3n y reconocimiento deportivo, nuestro club fue galardonado con el prestigioso Galard\u00f3n Especial \u201cClub de Excelencia 2025\u201d , un t\u00edtulo [&hellip;]<\/p>\n","protected":false},"author":2,"featured_media":7110,"comment_status":"closed","ping_status":"closed","sticky":false,"template":"","format":"standard","meta":{"footnotes":""},"categories":[111],"tags":[],"class_list":["post-7112","post","type-post","status-publish","format-standard","has-post-thumbnail","hentry","category-sin-categorizar-es"],"_links":{"self":[{"href":"https:\/\/tennistarragona.com\/es\/wp-json\/wp\/v2\/posts\/7112","targetHints":{"allow":["GET"]}}],"collection":[{"href":"https:\/\/tennistarragona.com\/es\/wp-json\/wp\/v2\/posts"}],"about":[{"href":"https:\/\/tennistarragona.com\/es\/wp-json\/wp\/v2\/types\/post"}],"author":[{"embeddable":true,"href":"https:\/\/tennistarragona.com\/es\/wp-json\/wp\/v2\/users\/2"}],"replies":[{"embeddable":true,"href":"https:\/\/tennistarragona.com\/es\/wp-json\/wp\/v2\/comments?post=7112"}],"version-history":[{"count":1,"href":"https:\/\/tennistarragona.com\/es\/wp-json\/wp\/v2\/posts\/7112\/revisions"}],"predecessor-version":[{"id":7113,"href":"https:\/\/tennistarragona.com\/es\/wp-json\/wp\/v2\/posts\/7112\/revisions\/7113"}],"wp:featuredmedia":[{"embeddable":true,"href":"https:\/\/tennistarragona.com\/es\/wp-json\/wp\/v2\/media\/7110"}],"wp:attachment":[{"href":"https:\/\/tennistarragona.com\/es\/wp-json\/wp\/v2\/media?parent=7112"}],"wp:term":[{"taxonomy":"category","embeddable":true,"href":"https:\/\/tennistarragona.com\/es\/wp-json\/wp\/v2\/categories?post=7112"},{"taxonomy":"post_tag","embeddable":true,"href":"https:\/\/tennistarragona.com\/es\/wp-json\/wp\/v2\/tags?post=7112"}],"curies":[{"name":"wp","href":"https:\/\/api.w.org\/{rel}","templated":true}]}}