{"id":7087,"date":"2025-06-09T12:02:18","date_gmt":"2025-06-09T11:02:18","guid":{"rendered":"https:\/\/tennistarragona.com\/campeones-provinciales-y-subcampeones-autonomicos-liga-catalana-de-menores-sub13\/"},"modified":"2025-06-09T14:06:58","modified_gmt":"2025-06-09T13:06:58","slug":"campeones-provinciales-y-subcampeones-autonomicos-liga-catalana-de-menores-sub13","status":"publish","type":"post","link":"https:\/\/tennistarragona.com\/es\/campeones-provinciales-y-subcampeones-autonomicos-liga-catalana-de-menores-sub13\/","title":{"rendered":"Campeones Provinciales y Subcampeones Auton\u00f3micos \u2013 Liga Catalana de Menores Sub13"},"content":{"rendered":"\n<p>Este pasado fin de semana, nuestro equipo sub13 de p\u00e1del ha vivido un aut\u00e9ntico hito deportivo!<\/p>\n\n<p>Tras imponerse en una eliminatoria muy ajustada contra el Golf Costa Daurada (2-1), superaron al cabeza de serie n\u00famero 1, P\u00e1del Cambrils \u201cA\u201d, por otro 2-1 muy trabajado. En la final, vencieron al Club Tennis Reus Monterols por 2-1, proclam\u00e1ndose <strong>campeones de la provincia de Tarragona<\/strong> . \u00a1Un \u00e9xito que recompensa la constancia y el compromiso de todo el equipo!  <\/p>\n\n<p>Con este triunfo, accedieron al <strong>play-off auton\u00f3mico<\/strong> , donde representaron a la demarcaci\u00f3n de Tarragona. En semifinales superaron al Club Tennis Balaguer (2-1), pero cayeron en la final ante el NTCP\u00e0del (0-3) en una eliminatoria muy disputada. <\/p>\n\n<p>\ud83d\udcac \u00a1Un gran fin de semana para nuestra escuela de p\u00e1del! \u00a1Felicidades, chicos! Siga as\u00ed: el t\u00edtulo auton\u00f3mico est\u00e1 m\u00e1s cerca que nunca.  <\/p>\n","protected":false},"excerpt":{"rendered":"<p>Este pasado fin de semana, nuestro equipo sub13 de p\u00e1del ha vivido un aut\u00e9ntico hito deportivo! Tras imponerse en una eliminatoria muy ajustada contra el Golf Costa Daurada (2-1), superaron al cabeza de serie n\u00famero 1, P\u00e1del Cambrils \u201cA\u201d, por otro 2-1 muy trabajado. En la final, vencieron al Club Tennis Reus Monterols por 2-1, [&hellip;]<\/p>\n","protected":false},"author":2,"featured_media":7083,"comment_status":"closed","ping_status":"closed","sticky":false,"template":"","format":"standard","meta":{"footnotes":""},"categories":[111],"tags":[],"class_list":["post-7087","post","type-post","status-publish","format-standard","has-post-thumbnail","hentry","category-sin-categorizar-es"],"_links":{"self":[{"href":"https:\/\/tennistarragona.com\/es\/wp-json\/wp\/v2\/posts\/7087","targetHints":{"allow":["GET"]}}],"collection":[{"href":"https:\/\/tennistarragona.com\/es\/wp-json\/wp\/v2\/posts"}],"about":[{"href":"https:\/\/tennistarragona.com\/es\/wp-json\/wp\/v2\/types\/post"}],"author":[{"embeddable":true,"href":"https:\/\/tennistarragona.com\/es\/wp-json\/wp\/v2\/users\/2"}],"replies":[{"embeddable":true,"href":"https:\/\/tennistarragona.com\/es\/wp-json\/wp\/v2\/comments?post=7087"}],"version-history":[{"count":1,"href":"https:\/\/tennistarragona.com\/es\/wp-json\/wp\/v2\/posts\/7087\/revisions"}],"predecessor-version":[{"id":7088,"href":"https:\/\/tennistarragona.com\/es\/wp-json\/wp\/v2\/posts\/7087\/revisions\/7088"}],"wp:featuredmedia":[{"embeddable":true,"href":"https:\/\/tennistarragona.com\/es\/wp-json\/wp\/v2\/media\/7083"}],"wp:attachment":[{"href":"https:\/\/tennistarragona.com\/es\/wp-json\/wp\/v2\/media?parent=7087"}],"wp:term":[{"taxonomy":"category","embeddable":true,"href":"https:\/\/tennistarragona.com\/es\/wp-json\/wp\/v2\/categories?post=7087"},{"taxonomy":"post_tag","embeddable":true,"href":"https:\/\/tennistarragona.com\/es\/wp-json\/wp\/v2\/tags?post=7087"}],"curies":[{"name":"wp","href":"https:\/\/api.w.org\/{rel}","templated":true}]}}