{"id":7052,"date":"2025-06-02T13:58:32","date_gmt":"2025-06-02T12:58:32","guid":{"rendered":"https:\/\/tennistarragona.com\/resultados-destacados-del-fin-de-semana-en-la-seccion-de-tenis-30-de-mayo-al-1-de-junio\/"},"modified":"2025-06-04T09:35:13","modified_gmt":"2025-06-04T08:35:13","slug":"resultados-destacados-del-fin-de-semana-en-la-seccion-de-tenis-30-de-mayo-al-1-de-junio","status":"publish","type":"post","link":"https:\/\/tennistarragona.com\/es\/resultados-destacados-del-fin-de-semana-en-la-seccion-de-tenis-30-de-mayo-al-1-de-junio\/","title":{"rendered":"Resultados destacados del fin de semana en la secci\u00f3n de tenis (30 de mayo al 1 de junio)"},"content":{"rendered":"\n<p>\u00a1El <strong>Club Tennis Tarragona<\/strong> celebra los grandes \u00e9xitos de nuestros equipos y jugadores\/as de tenis en las diferentes competiciones del fin de semana! \ud83d\udcaa \ud83d\udc4f <\/p>\n\n<h4 class=\"wp-block-heading\"><strong>\ud83c\udfc6 \ud83c\udfc5 Competici\u00f3n por equipos:<\/strong><\/h4>\n\n<p>\ud83d\udd25 <strong>Campeonas!<\/strong> El equipo <strong>alev\u00edn femenino B<\/strong> se proclama <strong>campe\u00f3n de la Liga Catalana<\/strong> despu\u00e9s de ganar en el <strong>CT Torell\u00f3 B<\/strong> por <strong>3-1<\/strong> .  <\/p>\n\n<p>\ud83e\udd48 <strong>Finalistas!<\/strong> El equipo <strong>benjam\u00edn masculino<\/strong> , subcampe\u00f3n de la <strong>Lliga Catalana<\/strong> , despu\u00e9s de un duelo intenso contra el <strong>RCT Polo<\/strong> ( <strong>0-4<\/strong> ).  <\/p>\n\n<p>\ud83e\udd48 <strong>Finalistas!<\/strong> El equipo <strong>cadete masculino<\/strong> , subcampe\u00f3n de la <strong>Liga Catalana<\/strong> , al perder contra el <strong>CT Barcino<\/strong> ( <strong>1-3<\/strong> ).  <\/p>\n\n<p>\ud83c\udfbe El equipo <strong>sub-12 femenino<\/strong> , finalista de la <strong>fase catalana<\/strong> del <strong>Xpress Tennis Cup<\/strong> .<\/p>\n\n<h4 class=\"wp-block-heading\"><strong>\ud83c\udfc5 \ud83c\udfc6 Triunfos individuales:<\/strong><\/h4>\n\n<p>\ud83c\udfc6 <strong>Biel Iglesias<\/strong> , campe\u00f3n de la <strong>Copa Catalu\u00f1a Cunit<\/strong> en categor\u00eda <strong>alev\u00edn masculino<\/strong> .  <\/p>\n\n<p>\ud83c\udfc6 <strong>Sof\u00eda Hiraldo<\/strong> , campeona de <strong>Catalu\u00f1a en dobles infantil femenino<\/strong> , haciendo pareja con <strong>Astrid Roges<\/strong> .  <\/p>\n\n<p>\ud83c\udfc6 <strong>Nuria Si\u00f3<\/strong> , campeona <strong>cadete femenino<\/strong> del <strong>Circuito Albert Monta\u00f1\u00e9s<\/strong> , celebrado en el <strong>CT Tortosa<\/strong> .  <\/p>\n\n<p>\ud83c\udfc6 <strong>Alba Baiget<\/strong> , campeona del <strong>Cuadro 1 Alev\u00edn Femenino<\/strong> ( <strong>Gran Slam Pere Masip<\/strong> , en Sant Cugat).<\/p>\n\n<p>\ud83c\udfc6 <strong>Ramiro Romero<\/strong> , <strong>campe\u00f3n benjam\u00edn masculino<\/strong> de la <strong>Copa Catalu\u00f1a<\/strong> en Cunit.<\/p>\n\n<p>\ud83c\udfc6 <strong>Valeria Gimeno<\/strong> , <strong>campeona Cadete Femenino<\/strong> de la <strong>Copa Catalu\u00f1a<\/strong> en Cunit.<\/p>\n\n<p>\u00a1Felicidades a todos nuestros jugadores y jugadoras por su esfuerzo y dedicaci\u00f3n! \ud83c\udfbe Seguimos sumando logros! <\/p>\n\n<p>\u00a1CLIC <a href=\"https:\/\/www.flickr.com\/photos\/201175535@N05\/albums\/72177720326578058\" target=\"_blank\" rel=\"noopener\">AQU\u00cd<\/a> PARA VER TODAS LAS FOTOS!<\/p>\n\n<p><\/p>\n\n<p><\/p>\n\n<p><\/p>\n","protected":false},"excerpt":{"rendered":"<p>\u00a1El Club Tennis Tarragona celebra los grandes \u00e9xitos de nuestros equipos y jugadores\/as de tenis en las diferentes competiciones del fin de semana! \ud83d\udcaa \ud83d\udc4f \ud83c\udfc6 \ud83c\udfc5 Competici\u00f3n por equipos: \ud83d\udd25 Campeonas! El equipo alev\u00edn femenino B se proclama campe\u00f3n de la Liga Catalana despu\u00e9s de ganar en el CT Torell\u00f3 B por 3-1 . [&hellip;]<\/p>\n","protected":false},"author":2,"featured_media":5850,"comment_status":"closed","ping_status":"closed","sticky":false,"template":"","format":"standard","meta":{"footnotes":""},"categories":[111],"tags":[],"class_list":["post-7052","post","type-post","status-publish","format-standard","has-post-thumbnail","hentry","category-sin-categorizar-es"],"_links":{"self":[{"href":"https:\/\/tennistarragona.com\/es\/wp-json\/wp\/v2\/posts\/7052","targetHints":{"allow":["GET"]}}],"collection":[{"href":"https:\/\/tennistarragona.com\/es\/wp-json\/wp\/v2\/posts"}],"about":[{"href":"https:\/\/tennistarragona.com\/es\/wp-json\/wp\/v2\/types\/post"}],"author":[{"embeddable":true,"href":"https:\/\/tennistarragona.com\/es\/wp-json\/wp\/v2\/users\/2"}],"replies":[{"embeddable":true,"href":"https:\/\/tennistarragona.com\/es\/wp-json\/wp\/v2\/comments?post=7052"}],"version-history":[{"count":1,"href":"https:\/\/tennistarragona.com\/es\/wp-json\/wp\/v2\/posts\/7052\/revisions"}],"predecessor-version":[{"id":7053,"href":"https:\/\/tennistarragona.com\/es\/wp-json\/wp\/v2\/posts\/7052\/revisions\/7053"}],"wp:featuredmedia":[{"embeddable":true,"href":"https:\/\/tennistarragona.com\/es\/wp-json\/wp\/v2\/media\/5850"}],"wp:attachment":[{"href":"https:\/\/tennistarragona.com\/es\/wp-json\/wp\/v2\/media?parent=7052"}],"wp:term":[{"taxonomy":"category","embeddable":true,"href":"https:\/\/tennistarragona.com\/es\/wp-json\/wp\/v2\/categories?post=7052"},{"taxonomy":"post_tag","embeddable":true,"href":"https:\/\/tennistarragona.com\/es\/wp-json\/wp\/v2\/tags?post=7052"}],"curies":[{"name":"wp","href":"https:\/\/api.w.org\/{rel}","templated":true}]}}