{"id":6913,"date":"2025-05-22T08:42:35","date_gmt":"2025-05-22T07:42:35","guid":{"rendered":"https:\/\/tennistarragona.com\/%f0%9f%8e%be-gran-participacion-y-logros-del-ctt-en-el-gran-slam-de-menores\/"},"modified":"2025-05-22T09:26:59","modified_gmt":"2025-05-22T08:26:59","slug":"%f0%9f%8e%be-gran-participacion-y-logros-del-ctt-en-el-gran-slam-de-menores","status":"publish","type":"post","link":"https:\/\/tennistarragona.com\/es\/%f0%9f%8e%be-gran-participacion-y-logros-del-ctt-en-el-gran-slam-de-menores\/","title":{"rendered":"\ud83c\udfbe Gran participaci\u00f3n y logros del CTT en el Gran Slam de Menores"},"content":{"rendered":"\n<p>Las instalaciones del Club Tennis Reus Monterols han sido escenario, durante las \u00faltimas semanas, de una de las pruebas m\u00e1s destacadas del calendario de p\u00e1del base: el <strong>Gran Slam del circuito de menores de la Federaci\u00f3n Catalana de P\u00e1del<\/strong> .<\/p>\n\n<p>Con la participaci\u00f3n de <strong>298 parejas<\/strong> , el torneo ha reunido a las mejores palas de la escuela base de Catalu\u00f1a y de otros puntos del Estado. El <strong>Club Tennis Tarragona<\/strong> ha estado representado por un gran n\u00famero de alumnos de nuestra escuela de p\u00e1del, que han dejado muy alto el nombre del club y han podido vivir una experiencia deportiva de alto nivel. <\/p>\n\n<p>\ud83d\udccc Cabe recordar que este torneo reparte plazas para disputar la fase final <strong>a nivel nacional<\/strong> , un premio muy valorado para las mejores parejas de cada categor\u00eda.<\/p>\n\n<p>\ud83c\udfc6 <strong>Resultados destacados de nuestros jugadores\/as:<\/strong><\/p>\n\n<ul class=\"wp-block-list\">\n<li>\ud83e\udd48 <strong>Bruno Duran<\/strong> \u2013 Subcampe\u00f3n en categor\u00eda benjam\u00edn masculino<\/li>\n\n\n\n<li>\ud83e\udd47 <strong>Jana Cadena<\/strong> \u2013 Campeona en categor\u00eda benjam\u00edn femenino<\/li>\n\n\n\n<li>\ud83e\udd48 <strong>Pol Nogu\u00e9<\/strong> \u2013 Subcampe\u00f3n en categor\u00eda alev\u00edn masculino<\/li>\n\n\n\n<li>\ud83e\udd48 <strong>Aina Porta<\/strong> \u2013 Subcampeona en categor\u00eda junior femenino<\/li>\n<\/ul>\n\n<p>\ud83d\udc4f <strong>Enhorabuena a todos y todas!<\/strong> Es un orgullo ver c\u00f3mo el talento y el esfuerzo de nuestros j\u00f3venes siguen obteniendo grandes resultados. \u00a1Seguimos creciendo! <\/p>\n","protected":false},"excerpt":{"rendered":"<p>Las instalaciones del Club Tennis Reus Monterols han sido escenario, durante las \u00faltimas semanas, de una de las pruebas m\u00e1s destacadas del calendario de p\u00e1del base: el Gran Slam del circuito de menores de la Federaci\u00f3n Catalana de P\u00e1del . Con la participaci\u00f3n de 298 parejas , el torneo ha reunido a las mejores palas [&hellip;]<\/p>\n","protected":false},"author":2,"featured_media":6910,"comment_status":"closed","ping_status":"closed","sticky":false,"template":"","format":"standard","meta":{"footnotes":""},"categories":[111],"tags":[],"class_list":["post-6913","post","type-post","status-publish","format-standard","has-post-thumbnail","hentry","category-sin-categorizar-es"],"_links":{"self":[{"href":"https:\/\/tennistarragona.com\/es\/wp-json\/wp\/v2\/posts\/6913","targetHints":{"allow":["GET"]}}],"collection":[{"href":"https:\/\/tennistarragona.com\/es\/wp-json\/wp\/v2\/posts"}],"about":[{"href":"https:\/\/tennistarragona.com\/es\/wp-json\/wp\/v2\/types\/post"}],"author":[{"embeddable":true,"href":"https:\/\/tennistarragona.com\/es\/wp-json\/wp\/v2\/users\/2"}],"replies":[{"embeddable":true,"href":"https:\/\/tennistarragona.com\/es\/wp-json\/wp\/v2\/comments?post=6913"}],"version-history":[{"count":2,"href":"https:\/\/tennistarragona.com\/es\/wp-json\/wp\/v2\/posts\/6913\/revisions"}],"predecessor-version":[{"id":6915,"href":"https:\/\/tennistarragona.com\/es\/wp-json\/wp\/v2\/posts\/6913\/revisions\/6915"}],"wp:featuredmedia":[{"embeddable":true,"href":"https:\/\/tennistarragona.com\/es\/wp-json\/wp\/v2\/media\/6910"}],"wp:attachment":[{"href":"https:\/\/tennistarragona.com\/es\/wp-json\/wp\/v2\/media?parent=6913"}],"wp:term":[{"taxonomy":"category","embeddable":true,"href":"https:\/\/tennistarragona.com\/es\/wp-json\/wp\/v2\/categories?post=6913"},{"taxonomy":"post_tag","embeddable":true,"href":"https:\/\/tennistarragona.com\/es\/wp-json\/wp\/v2\/tags?post=6913"}],"curies":[{"name":"wp","href":"https:\/\/api.w.org\/{rel}","templated":true}]}}