{"id":6754,"date":"2025-05-09T08:15:21","date_gmt":"2025-05-09T07:15:21","guid":{"rendered":"https:\/\/tennistarragona.com\/el-club-tennis-tarragona-protagonista-indiscutible-en-la-43a-diada-del-tennis-catala\/"},"modified":"2025-05-09T10:18:21","modified_gmt":"2025-05-09T09:18:21","slug":"el-club-tennis-tarragona-protagonista-indiscutible-en-la-43a-diada-del-tennis-catala","status":"publish","type":"post","link":"https:\/\/tennistarragona.com\/es\/el-club-tennis-tarragona-protagonista-indiscutible-en-la-43a-diada-del-tennis-catala\/","title":{"rendered":"El Club Tennis Tarragona, protagonista indiscutible en la 43a Diada del Tennis Catal\u00e0"},"content":{"rendered":"\n<p>El pasado viernes 2 de mayo, el Club Tennis Tarragona brill\u00f3 con luz propia en la 43\u00aa edici\u00f3n de la Diada del Tennis Catal\u00e0, celebrada en Vic. Con m\u00e1s de 200 representantes de clubes de todo el territorio, este gran encuentro reconoci\u00f3 la labor de los clubes que impulsan el tenis catal\u00e1n2 y homenaje\u00f3 a los campeones2 de la temporada. <\/p>\n\n<p>Con un palmar\u00e9s impresionante, el Club Tennis Tarragona se consolid\u00f3 como una entidad de excelencia en el panorama ten\u00edstico catal\u00e1n, obteniendo varios galardones que reflejan su dedicaci\u00f3n y talento:<\/p>\n\n<p>\ud83e\udd47 <strong>Campeones Catalu\u00f1a Benjam\u00edn femenino (oro)<\/strong><br\/> \ud83e\udd47 <strong>Campeones Catalu\u00f1a Alev\u00edn femenino (plata \u2013 Trofeo Manolo Orantes)<\/strong><br\/> \ud83e\udd47 <strong>Campeones Catalu\u00f1a Infantil masculino (plata \u2013 Trofeo JA Samaranch)<\/strong><br\/> \ud83e\udd47 <strong>Campeones Catalu\u00f1a 3a categor\u00eda masculino (plata \u2013 Trofeo JM Bofill)<\/strong><br\/> \ud83e\udd47 <strong>Campeones Trofeo Generalitat Infantil dobles mixtos por equipos<\/strong><\/p>\n\n<p>La representaci\u00f3n institucional del club fue notable, con la presencia de Luis Salas (presidente), Pepe Caballero (gerente), Marc Mas (director de la escuela de tenis) y Pol Virgili (vocal de la Junta), reafirmando el compromiso de la entidad con el desarrollo del tenis y el impulso a sus deportistas.<\/p>\n\n<p>Este reconocimiento no s\u00f3lo valida el esfuerzo de nuestros jugadores\/as, entrenadores\/as y familias, sino que tambi\u00e9n nos motiva a seguir creciendo como referente del tenis catal\u00e1n. Ser parte de los Clubs de Excelencia del Tennis Catal\u00e0 es un honor que celebramos con orgullo, mirando hacia el futuro con ambici\u00f3n y determinaci\u00f3n. <\/p>\n","protected":false},"excerpt":{"rendered":"<p>El pasado viernes 2 de mayo, el Club Tennis Tarragona brill\u00f3 con luz propia en la 43\u00aa edici\u00f3n de la Diada del Tennis Catal\u00e0, celebrada en Vic. Con m\u00e1s de 200 representantes de clubes de todo el territorio, este gran encuentro reconoci\u00f3 la labor de los clubes que impulsan el tenis catal\u00e1n2 y homenaje\u00f3 a [&hellip;]<\/p>\n","protected":false},"author":2,"featured_media":6694,"comment_status":"closed","ping_status":"closed","sticky":false,"template":"","format":"standard","meta":{"footnotes":""},"categories":[111],"tags":[],"class_list":["post-6754","post","type-post","status-publish","format-standard","has-post-thumbnail","hentry","category-sin-categorizar-es"],"_links":{"self":[{"href":"https:\/\/tennistarragona.com\/es\/wp-json\/wp\/v2\/posts\/6754","targetHints":{"allow":["GET"]}}],"collection":[{"href":"https:\/\/tennistarragona.com\/es\/wp-json\/wp\/v2\/posts"}],"about":[{"href":"https:\/\/tennistarragona.com\/es\/wp-json\/wp\/v2\/types\/post"}],"author":[{"embeddable":true,"href":"https:\/\/tennistarragona.com\/es\/wp-json\/wp\/v2\/users\/2"}],"replies":[{"embeddable":true,"href":"https:\/\/tennistarragona.com\/es\/wp-json\/wp\/v2\/comments?post=6754"}],"version-history":[{"count":1,"href":"https:\/\/tennistarragona.com\/es\/wp-json\/wp\/v2\/posts\/6754\/revisions"}],"predecessor-version":[{"id":6755,"href":"https:\/\/tennistarragona.com\/es\/wp-json\/wp\/v2\/posts\/6754\/revisions\/6755"}],"wp:featuredmedia":[{"embeddable":true,"href":"https:\/\/tennistarragona.com\/es\/wp-json\/wp\/v2\/media\/6694"}],"wp:attachment":[{"href":"https:\/\/tennistarragona.com\/es\/wp-json\/wp\/v2\/media?parent=6754"}],"wp:term":[{"taxonomy":"category","embeddable":true,"href":"https:\/\/tennistarragona.com\/es\/wp-json\/wp\/v2\/categories?post=6754"},{"taxonomy":"post_tag","embeddable":true,"href":"https:\/\/tennistarragona.com\/es\/wp-json\/wp\/v2\/tags?post=6754"}],"curies":[{"name":"wp","href":"https:\/\/api.w.org\/{rel}","templated":true}]}}