{"id":6669,"date":"2025-05-05T14:25:21","date_gmt":"2025-05-05T13:25:21","guid":{"rendered":"https:\/\/tennistarragona.com\/gran-exito-del-vermut-solidario-contra-la-ela\/"},"modified":"2025-05-05T14:53:27","modified_gmt":"2025-05-05T13:53:27","slug":"gran-exito-del-vermut-solidario-contra-la-ela","status":"publish","type":"post","link":"https:\/\/tennistarragona.com\/es\/gran-exito-del-vermut-solidario-contra-la-ela\/","title":{"rendered":"Gran \u00e9xito del Vermut Solidario contra la ELA"},"content":{"rendered":"\n<p>Este pasado s\u00e1bado 3 de mayo, la terraza del Club Tennis Tarragona se llen\u00f3 de solidaridad y buen ambiente con la celebraci\u00f3n del Vermut Solidario contra la ELA.<br\/> M\u00e1s de un centenar de personas asistieron para compartir un rato agradable y colaborar con esta causa tan importante.<br\/> Gracias a todas las aportaciones ya la implicaci\u00f3n de socios y asistentes, logramos sumar esfuerzos para apoyar la lucha contra esta enfermedad.<br\/> Desde el club, queremos agradecer la participaci\u00f3n de todo el mundo que hizo posible esta jornada solidaria.<\/p>\n\n<p><\/p>\n","protected":false},"excerpt":{"rendered":"<p>Este pasado s\u00e1bado 3 de mayo, la terraza del Club Tennis Tarragona se llen\u00f3 de solidaridad y buen ambiente con la celebraci\u00f3n del Vermut Solidario contra la ELA. M\u00e1s de un centenar de personas asistieron para compartir un rato agradable y colaborar con esta causa tan importante. Gracias a todas las aportaciones ya la implicaci\u00f3n [&hellip;]<\/p>\n","protected":false},"author":2,"featured_media":6666,"comment_status":"closed","ping_status":"closed","sticky":false,"template":"","format":"standard","meta":{"footnotes":""},"categories":[111],"tags":[],"class_list":["post-6669","post","type-post","status-publish","format-standard","has-post-thumbnail","hentry","category-sin-categorizar-es"],"_links":{"self":[{"href":"https:\/\/tennistarragona.com\/es\/wp-json\/wp\/v2\/posts\/6669","targetHints":{"allow":["GET"]}}],"collection":[{"href":"https:\/\/tennistarragona.com\/es\/wp-json\/wp\/v2\/posts"}],"about":[{"href":"https:\/\/tennistarragona.com\/es\/wp-json\/wp\/v2\/types\/post"}],"author":[{"embeddable":true,"href":"https:\/\/tennistarragona.com\/es\/wp-json\/wp\/v2\/users\/2"}],"replies":[{"embeddable":true,"href":"https:\/\/tennistarragona.com\/es\/wp-json\/wp\/v2\/comments?post=6669"}],"version-history":[{"count":1,"href":"https:\/\/tennistarragona.com\/es\/wp-json\/wp\/v2\/posts\/6669\/revisions"}],"predecessor-version":[{"id":6670,"href":"https:\/\/tennistarragona.com\/es\/wp-json\/wp\/v2\/posts\/6669\/revisions\/6670"}],"wp:featuredmedia":[{"embeddable":true,"href":"https:\/\/tennistarragona.com\/es\/wp-json\/wp\/v2\/media\/6666"}],"wp:attachment":[{"href":"https:\/\/tennistarragona.com\/es\/wp-json\/wp\/v2\/media?parent=6669"}],"wp:term":[{"taxonomy":"category","embeddable":true,"href":"https:\/\/tennistarragona.com\/es\/wp-json\/wp\/v2\/categories?post=6669"},{"taxonomy":"post_tag","embeddable":true,"href":"https:\/\/tennistarragona.com\/es\/wp-json\/wp\/v2\/tags?post=6669"}],"curies":[{"name":"wp","href":"https:\/\/api.w.org\/{rel}","templated":true}]}}