{"id":6601,"date":"2025-04-30T11:55:41","date_gmt":"2025-04-30T10:55:41","guid":{"rendered":"https:\/\/tennistarragona.com\/exitos-destacados-en-el-circuit-jovenes-promesas-de-lleida\/"},"modified":"2025-04-30T12:00:00","modified_gmt":"2025-04-30T11:00:00","slug":"exitos-destacados-en-el-circuit-jovenes-promesas-de-lleida","status":"publish","type":"post","link":"https:\/\/tennistarragona.com\/es\/exitos-destacados-en-el-circuit-jovenes-promesas-de-lleida\/","title":{"rendered":"\u00c9xitos destacados en el Circuit J\u00f3venes Promesas de Lleida"},"content":{"rendered":"\n<p>Este pasado fin de semana se disput\u00f3, en las instalaciones del Club Tennis Lleida, la 2\u00aa prueba del Circuit Joves Promeses de la Federaci\u00f3n Catalana de P\u00e1del. El Club Tennis Tarragona cont\u00f3 con una excelente representaci\u00f3n de nuestros j\u00f3venes jugadores y jugadoras. <\/p>\n\n<p>\ud83c\udfc6 <strong>David Gomis<\/strong> , alumno de la escuela de p\u00e1del del club, junto con su compa\u00f1ero y amigo de la casa, <strong>Alan Cano<\/strong> , se proclamaron <strong>campeones de la categor\u00eda cadete (1\u00aa categor\u00eda)<\/strong> . Tras superar tres rondas muy exigentes, consiguieron la victoria en una final que se decidi\u00f3 en el tercer set. <\/p>\n\n<p>\ud83d\udc4f Destacamos tambi\u00e9n la actuaci\u00f3n de <strong>Max Duran<\/strong> , que, junto a su pareja, lleg\u00f3 hasta las semifinales de esta misma categor\u00eda.<\/p>\n\n<p>\ud83e\udd47 Por su parte, <strong>Carla Sans<\/strong> se proclam\u00f3 <strong>campeona de consolaci\u00f3n<\/strong> en la categor\u00eda cadete femenino, cerrando as\u00ed un fin de semana redondo para nuestros representantes.<\/p>\n\n<p>\u00a1Enhorabuena a los tres por el trabajo realizado y por los resultados obtenidos! \u00a1Seguimos sumando experiencias y logros! \ud83d\udd34<\/p>\n","protected":false},"excerpt":{"rendered":"<p>Este pasado fin de semana se disput\u00f3, en las instalaciones del Club Tennis Lleida, la 2\u00aa prueba del Circuit Joves Promeses de la Federaci\u00f3n Catalana de P\u00e1del. El Club Tennis Tarragona cont\u00f3 con una excelente representaci\u00f3n de nuestros j\u00f3venes jugadores y jugadoras. \ud83c\udfc6 David Gomis , alumno de la escuela de p\u00e1del del club, junto [&hellip;]<\/p>\n","protected":false},"author":2,"featured_media":6599,"comment_status":"closed","ping_status":"closed","sticky":false,"template":"","format":"standard","meta":{"footnotes":""},"categories":[111],"tags":[],"class_list":["post-6601","post","type-post","status-publish","format-standard","has-post-thumbnail","hentry","category-sin-categorizar-es"],"_links":{"self":[{"href":"https:\/\/tennistarragona.com\/es\/wp-json\/wp\/v2\/posts\/6601","targetHints":{"allow":["GET"]}}],"collection":[{"href":"https:\/\/tennistarragona.com\/es\/wp-json\/wp\/v2\/posts"}],"about":[{"href":"https:\/\/tennistarragona.com\/es\/wp-json\/wp\/v2\/types\/post"}],"author":[{"embeddable":true,"href":"https:\/\/tennistarragona.com\/es\/wp-json\/wp\/v2\/users\/2"}],"replies":[{"embeddable":true,"href":"https:\/\/tennistarragona.com\/es\/wp-json\/wp\/v2\/comments?post=6601"}],"version-history":[{"count":1,"href":"https:\/\/tennistarragona.com\/es\/wp-json\/wp\/v2\/posts\/6601\/revisions"}],"predecessor-version":[{"id":6602,"href":"https:\/\/tennistarragona.com\/es\/wp-json\/wp\/v2\/posts\/6601\/revisions\/6602"}],"wp:featuredmedia":[{"embeddable":true,"href":"https:\/\/tennistarragona.com\/es\/wp-json\/wp\/v2\/media\/6599"}],"wp:attachment":[{"href":"https:\/\/tennistarragona.com\/es\/wp-json\/wp\/v2\/media?parent=6601"}],"wp:term":[{"taxonomy":"category","embeddable":true,"href":"https:\/\/tennistarragona.com\/es\/wp-json\/wp\/v2\/categories?post=6601"},{"taxonomy":"post_tag","embeddable":true,"href":"https:\/\/tennistarragona.com\/es\/wp-json\/wp\/v2\/tags?post=6601"}],"curies":[{"name":"wp","href":"https:\/\/api.w.org\/{rel}","templated":true}]}}