{"id":6549,"date":"2025-04-24T14:19:07","date_gmt":"2025-04-24T13:19:07","guid":{"rendered":"https:\/\/tennistarragona.com\/tres-campeones-del-ctt-en-el-super-gran-slam-de-menores\/"},"modified":"2025-04-25T09:50:52","modified_gmt":"2025-04-25T08:50:52","slug":"tres-campeones-del-ctt-en-el-super-gran-slam-de-menores","status":"publish","type":"post","link":"https:\/\/tennistarragona.com\/es\/tres-campeones-del-ctt-en-el-super-gran-slam-de-menores\/","title":{"rendered":"\u00a1Tres campeones del CTT en el Super Gran Slam de Menores!"},"content":{"rendered":"\n<p>La pasada semana, el Club P\u00e1del 7 Malgrat acogi\u00f3 una nueva prueba del <strong>Super Gran Slam de Menores<\/strong> , dentro del circuito oficial de la Federaci\u00f3n Catalana de P\u00e1del.<\/p>\n\n<p>El Club Tennis Tarragona particip\u00f3 con fuerza, y el resultado no podr\u00eda ser mejor: <strong>\u00a1tres representantes y tres t\u00edtulos<\/strong> en sus respectivas categor\u00edas! \ud83c\udfc6<\/p>\n\n<p>Los protagonistas son:<\/p>\n\n<ul class=\"wp-block-list\">\n<li><strong>Bruno Duran<\/strong> \u2013 Campe\u00f3n benjam\u00edn masculino<\/li>\n\n\n\n<li><strong>Jana Cadena<\/strong> \u2013 Campeona benjam\u00edn femenino<\/li>\n\n\n\n<li><strong>Pol Nogu\u00e9<\/strong> \u2013 Campe\u00f3n alev\u00edn masculino<\/li>\n<\/ul>\n\n<p>Un \u00e9xito que habla por s\u00ed solo del gran trabajo que se realiza en nuestra escuela de p\u00e1del.<br\/> <strong>\u00a1Enhorabuena campeones y campeona!<\/strong> \u00a1Siga disfrutando y compitiendo!<\/p>\n","protected":false},"excerpt":{"rendered":"<p>La pasada semana, el Club P\u00e1del 7 Malgrat acogi\u00f3 una nueva prueba del Super Gran Slam de Menores , dentro del circuito oficial de la Federaci\u00f3n Catalana de P\u00e1del. El Club Tennis Tarragona particip\u00f3 con fuerza, y el resultado no podr\u00eda ser mejor: \u00a1tres representantes y tres t\u00edtulos en sus respectivas categor\u00edas! \ud83c\udfc6 Los protagonistas [&hellip;]<\/p>\n","protected":false},"author":2,"featured_media":6547,"comment_status":"closed","ping_status":"closed","sticky":false,"template":"","format":"standard","meta":{"footnotes":""},"categories":[111],"tags":[],"class_list":["post-6549","post","type-post","status-publish","format-standard","has-post-thumbnail","hentry","category-sin-categorizar-es"],"_links":{"self":[{"href":"https:\/\/tennistarragona.com\/es\/wp-json\/wp\/v2\/posts\/6549","targetHints":{"allow":["GET"]}}],"collection":[{"href":"https:\/\/tennistarragona.com\/es\/wp-json\/wp\/v2\/posts"}],"about":[{"href":"https:\/\/tennistarragona.com\/es\/wp-json\/wp\/v2\/types\/post"}],"author":[{"embeddable":true,"href":"https:\/\/tennistarragona.com\/es\/wp-json\/wp\/v2\/users\/2"}],"replies":[{"embeddable":true,"href":"https:\/\/tennistarragona.com\/es\/wp-json\/wp\/v2\/comments?post=6549"}],"version-history":[{"count":1,"href":"https:\/\/tennistarragona.com\/es\/wp-json\/wp\/v2\/posts\/6549\/revisions"}],"predecessor-version":[{"id":6550,"href":"https:\/\/tennistarragona.com\/es\/wp-json\/wp\/v2\/posts\/6549\/revisions\/6550"}],"wp:featuredmedia":[{"embeddable":true,"href":"https:\/\/tennistarragona.com\/es\/wp-json\/wp\/v2\/media\/6547"}],"wp:attachment":[{"href":"https:\/\/tennistarragona.com\/es\/wp-json\/wp\/v2\/media?parent=6549"}],"wp:term":[{"taxonomy":"category","embeddable":true,"href":"https:\/\/tennistarragona.com\/es\/wp-json\/wp\/v2\/categories?post=6549"},{"taxonomy":"post_tag","embeddable":true,"href":"https:\/\/tennistarragona.com\/es\/wp-json\/wp\/v2\/tags?post=6549"}],"curies":[{"name":"wp","href":"https:\/\/api.w.org\/{rel}","templated":true}]}}