{"id":6529,"date":"2025-04-24T13:12:54","date_gmt":"2025-04-24T12:12:54","guid":{"rendered":"https:\/\/tennistarragona.com\/resultados-fin-de-semana-en-la-seccion-de-padel-18-20-de-abril\/"},"modified":"2025-04-24T14:04:08","modified_gmt":"2025-04-24T13:04:08","slug":"resultados-fin-de-semana-en-la-seccion-de-padel-18-20-de-abril","status":"publish","type":"post","link":"https:\/\/tennistarragona.com\/es\/resultados-fin-de-semana-en-la-seccion-de-padel-18-20-de-abril\/","title":{"rendered":"Resultados fin de semana en la secci\u00f3n de p\u00e1del (18-20 de abril)"},"content":{"rendered":"\n<h3 class=\"wp-block-heading\">\u00a1Grandes resultados de nuestro p\u00e1del, en casa y en Europa!<\/h3>\n\n<p><strong>S\u00faper Gran Slam Menores \u2013 P\u00e1del 7 Malgrat<\/strong><br\/> Este fin de semana, el Club Tennis Tarragona ha brillado en el S\u00faper Gran Slam de menores disputado en Malgrat. Tres de nuestros alumnos han logrado llegar a lo m\u00e1s alto del podio: <\/p>\n\n<ul class=\"wp-block-list\">\n<li>\ud83c\udfc6 <strong>Bruno Duran<\/strong> , campe\u00f3n benjam\u00edn masculino<\/li>\n\n\n\n<li>\ud83c\udfc6 <strong>Jana Cadena<\/strong> , campeona benjam\u00edn femenino<\/li>\n\n\n\n<li>\ud83c\udfc6 <strong>Pol Nogu\u00e9<\/strong> , campe\u00f3n alev\u00edn masculino<\/li>\n<\/ul>\n\n<p><strong>FIP Bronce N\u00e1poles \u2013 Circuito internacional<\/strong><br\/> Tambi\u00e9n a escala internacional, nuestras jugadoras <strong>Anna Ortiz<\/strong> y <strong>Ainara Pozuelo<\/strong> han representado al club en N\u00e1poles (Italia), en una nueva prueba del circuito FIP.<br\/> \ud83d\udd39 <strong>Ainara Pozuelo<\/strong> lleg\u00f3 hasta los cuartos de final.<br\/> \ud83d\udd39 <strong>Anna Ortiz<\/strong> se proclam\u00f3 <strong>campeona<\/strong> del torneo sin perder ning\u00fan set!<\/p>\n\n<p>\u00a1Felicidades a todos y todas por estos logros! \u00a1Seguimos creciendo! <\/p>\n\n<p>\u00a1CLIC <a href=\"https:\/\/www.flickr.com\/photos\/201175535@N05\/albums\/72177720325429972\" target=\"_blank\" rel=\"noopener\">AQU\u00cd<\/a> PARA VER TODAS LAS FOTOS!<\/p>\n\n<p><\/p>\n","protected":false},"excerpt":{"rendered":"<p>\u00a1Grandes resultados de nuestro p\u00e1del, en casa y en Europa! S\u00faper Gran Slam Menores \u2013 P\u00e1del 7 Malgrat Este fin de semana, el Club Tennis Tarragona ha brillado en el S\u00faper Gran Slam de menores disputado en Malgrat. Tres de nuestros alumnos han logrado llegar a lo m\u00e1s alto del podio: FIP Bronce N\u00e1poles \u2013 [&hellip;]<\/p>\n","protected":false},"author":2,"featured_media":5847,"comment_status":"closed","ping_status":"closed","sticky":false,"template":"","format":"standard","meta":{"footnotes":""},"categories":[111],"tags":[],"class_list":["post-6529","post","type-post","status-publish","format-standard","has-post-thumbnail","hentry","category-sin-categorizar-es"],"_links":{"self":[{"href":"https:\/\/tennistarragona.com\/es\/wp-json\/wp\/v2\/posts\/6529","targetHints":{"allow":["GET"]}}],"collection":[{"href":"https:\/\/tennistarragona.com\/es\/wp-json\/wp\/v2\/posts"}],"about":[{"href":"https:\/\/tennistarragona.com\/es\/wp-json\/wp\/v2\/types\/post"}],"author":[{"embeddable":true,"href":"https:\/\/tennistarragona.com\/es\/wp-json\/wp\/v2\/users\/2"}],"replies":[{"embeddable":true,"href":"https:\/\/tennistarragona.com\/es\/wp-json\/wp\/v2\/comments?post=6529"}],"version-history":[{"count":1,"href":"https:\/\/tennistarragona.com\/es\/wp-json\/wp\/v2\/posts\/6529\/revisions"}],"predecessor-version":[{"id":6530,"href":"https:\/\/tennistarragona.com\/es\/wp-json\/wp\/v2\/posts\/6529\/revisions\/6530"}],"wp:featuredmedia":[{"embeddable":true,"href":"https:\/\/tennistarragona.com\/es\/wp-json\/wp\/v2\/media\/5847"}],"wp:attachment":[{"href":"https:\/\/tennistarragona.com\/es\/wp-json\/wp\/v2\/media?parent=6529"}],"wp:term":[{"taxonomy":"category","embeddable":true,"href":"https:\/\/tennistarragona.com\/es\/wp-json\/wp\/v2\/categories?post=6529"},{"taxonomy":"post_tag","embeddable":true,"href":"https:\/\/tennistarragona.com\/es\/wp-json\/wp\/v2\/tags?post=6529"}],"curies":[{"name":"wp","href":"https:\/\/api.w.org\/{rel}","templated":true}]}}