{"id":6458,"date":"2025-04-15T09:23:11","date_gmt":"2025-04-15T08:23:11","guid":{"rendered":"https:\/\/tennistarragona.com\/el-ctt-presente-en-la-presidents-cup-un-evento-solidario-con-gran-impacto\/"},"modified":"2025-04-16T14:21:16","modified_gmt":"2025-04-16T13:21:16","slug":"el-ctt-presente-en-la-presidents-cup-un-evento-solidario-con-gran-impacto","status":"publish","type":"post","link":"https:\/\/tennistarragona.com\/es\/el-ctt-presente-en-la-presidents-cup-un-evento-solidario-con-gran-impacto\/","title":{"rendered":"El CTT presente en la President&#8217;s Cup, un evento solidario con gran impacto"},"content":{"rendered":"\n<p>Este pasado domingo se celebr\u00f3 la segunda edici\u00f3n de la <strong>President&#8217;s Cup<\/strong> , un Pro-Am solidario con gran \u00e9xito de p\u00fablico en la <strong>Pista Andr\u00e9s Gimeno<\/strong> del RCT Barcelona-1899. Un total de 8 parejas formadas por <strong>jugadores profesionales y representantes de los clubs &#8216;amigos&#8217;<\/strong> del RCTB se enfrentaron en un formato muy \u00e1gil, jug\u00e1ndose todos los partidos a un \u00fanico tie-break. <\/p>\n\n<p>\ud83d\udccc El <strong>Club Tennis Tarragona<\/strong> estuvo representado por su <strong>gerente, Pepe Caballero<\/strong> , que form\u00f3 pareja con el profesional <strong>Dani Rinc\u00f3n<\/strong> . Ofrecieron un gran espect\u00e1culo, pero cayeron ante <strong>Tommy Robredo y Rai Vilaldach<\/strong> por un ajustado <strong>9-7<\/strong> . <\/p>\n\n<p>El evento reuni\u00f3 nombres de primer nivel como <strong>Stan Wawrinka, Sebastien Grosjean, David Ferrer, Albert Ramos, Jaume Munar y Max Alcal\u00e1<\/strong> , en un ambiente solidario y festivo. Los ganadores, Toni Batlle y Jaume Munar (CE Laiet\u00e0), destinaron los 5.000 \u20ac del premio a la <strong>Fundaci\u00f3n Enriqueta Villavecchia<\/strong> , mientras que los subcampeones hicieron donaci\u00f3n a la <strong>Fundaci\u00f3n Johan Cruyff<\/strong> . <\/p>\n\n<p>\ud83d\udc4f Un aut\u00e9ntico honor poder participar en una cita de este nivel, que promueve el deporte, los valores y el compromiso social. \u00a1Enhorabuena a la organizaci\u00f3n ya todos los clubes participantes! <br\/><strong>\u00a1Qu\u00e9 orgullo tenerte all\u00ed, Pepe!<\/strong>  Gracias por representarnos con tanta pasi\u00f3n y compromiso.<\/p>\n\n<p><\/p>\n","protected":false},"excerpt":{"rendered":"<p>Este pasado domingo se celebr\u00f3 la segunda edici\u00f3n de la President&#8217;s Cup , un Pro-Am solidario con gran \u00e9xito de p\u00fablico en la Pista Andr\u00e9s Gimeno del RCT Barcelona-1899. Un total de 8 parejas formadas por jugadores profesionales y representantes de los clubs &#8216;amigos&#8217; del RCTB se enfrentaron en un formato muy \u00e1gil, jug\u00e1ndose todos [&hellip;]<\/p>\n","protected":false},"author":2,"featured_media":6412,"comment_status":"closed","ping_status":"closed","sticky":false,"template":"","format":"standard","meta":{"footnotes":""},"categories":[111],"tags":[],"class_list":["post-6458","post","type-post","status-publish","format-standard","has-post-thumbnail","hentry","category-sin-categorizar-es"],"_links":{"self":[{"href":"https:\/\/tennistarragona.com\/es\/wp-json\/wp\/v2\/posts\/6458","targetHints":{"allow":["GET"]}}],"collection":[{"href":"https:\/\/tennistarragona.com\/es\/wp-json\/wp\/v2\/posts"}],"about":[{"href":"https:\/\/tennistarragona.com\/es\/wp-json\/wp\/v2\/types\/post"}],"author":[{"embeddable":true,"href":"https:\/\/tennistarragona.com\/es\/wp-json\/wp\/v2\/users\/2"}],"replies":[{"embeddable":true,"href":"https:\/\/tennistarragona.com\/es\/wp-json\/wp\/v2\/comments?post=6458"}],"version-history":[{"count":1,"href":"https:\/\/tennistarragona.com\/es\/wp-json\/wp\/v2\/posts\/6458\/revisions"}],"predecessor-version":[{"id":6459,"href":"https:\/\/tennistarragona.com\/es\/wp-json\/wp\/v2\/posts\/6458\/revisions\/6459"}],"wp:featuredmedia":[{"embeddable":true,"href":"https:\/\/tennistarragona.com\/es\/wp-json\/wp\/v2\/media\/6412"}],"wp:attachment":[{"href":"https:\/\/tennistarragona.com\/es\/wp-json\/wp\/v2\/media?parent=6458"}],"wp:term":[{"taxonomy":"category","embeddable":true,"href":"https:\/\/tennistarragona.com\/es\/wp-json\/wp\/v2\/categories?post=6458"},{"taxonomy":"post_tag","embeddable":true,"href":"https:\/\/tennistarragona.com\/es\/wp-json\/wp\/v2\/tags?post=6458"}],"curies":[{"name":"wp","href":"https:\/\/api.w.org\/{rel}","templated":true}]}}