{"id":6390,"date":"2025-04-09T09:38:54","date_gmt":"2025-04-09T08:38:54","guid":{"rendered":"https:\/\/tennistarragona.com\/resultados-del-fin-de-semana-en-la-seccion-de-tenis-4-6-de-abril\/"},"modified":"2025-04-11T11:56:20","modified_gmt":"2025-04-11T10:56:20","slug":"resultados-del-fin-de-semana-en-la-seccion-de-tenis-4-6-de-abril","status":"publish","type":"post","link":"https:\/\/tennistarragona.com\/es\/resultados-del-fin-de-semana-en-la-seccion-de-tenis-4-6-de-abril\/","title":{"rendered":"Resultados del fin de semana en la secci\u00f3n de Tenis (4-6 de abril)"},"content":{"rendered":"\n<p>\ud83c\udfbe \u00a1Este fin de semana nos ha dejado grandes momentos y buenos resultados! \ud83d\udcaa\ud83c\udffc \ud83d\udd25 <\/p>\n\n<p>\ud83d\udccc <strong>Campeonato de Catalu\u00f1a<\/strong><\/p>\n\n<ul class=\"wp-block-list\">\n<li>\ud83d\udda4 \u2764\ufe0f <em>UNA GESTA QUE YA ES HISTORIA!<\/em><br\/> \u00a1El equipo <strong>infantil femenino<\/strong> se proclama <strong>subcampe\u00f3n de Catalu\u00f1a<\/strong> en la m\u00e1xima categor\u00eda!<br\/> Tras un duelo ajustad\u00edsimo contra el UP Cornell\u00e0 (3-2), nuestras jugadoras demostraron una lucha, compromiso y calidad que nos hace sentir profundamente orgullosos.<br\/> Forzaron a los dobles con partidos llenos de emoci\u00f3n, y aunque el t\u00edtulo se nos escap\u00f3&#8230; su esfuerzo es digno de admiraci\u00f3n. \u00a1Enhorabuena, guerreras! \ud83d\udd25 \ud83e\udd48  <\/li>\n<\/ul>\n\n<p>\ud83d\udccc <strong>Liga Catalana<\/strong> \ud83c\udfbe<\/p>\n\n<ul class=\"wp-block-list\">\n<li><em>Alev\u00edn masculino<\/em> vs CT Lleida \u2192 \u274c Derrota 5-0<\/li>\n\n\n\n<li><em>Alev\u00edn femenino<\/em> vs CT Lleida \u2192 \ud83e\udd1d Empate 2-2<\/li>\n\n\n\n<li><em>Cadete femenino<\/em> vs CT Reus Monterols \u2192 \u274c Derrota 1-3<\/li>\n\n\n\n<li><em>Alev\u00edn masculino B<\/em> vs CT Reus Monterols \u2192 \u274c Derrota 4-0<\/li>\n\n\n\n<li><em>Senior masculino +50<\/em> (equipo B) \u2192 \u2705 Victoria 3-2<\/li>\n\n\n\n<li><em>Cadete femenino B<\/em> vs CT Romani \u2192 \u2705 Victoria 4-0<\/li>\n\n\n\n<li><em>Cadete masculino A<\/em> vs CT Serramar \u2192 \u274c Derrota 5-0<\/li>\n<\/ul>\n\n<p>\ud83d\udccc <strong>Supertenis<\/strong> La actividad dirigida a nuestros jugadores y jugadoras prebenjamines fue un \u00e9xito! \u00a1Una ma\u00f1ana de tenis, sonrisas y mucha diversi\u00f3n para los m\u00e1s peque\u00f1os! \ud83c\udf88 \ud83c\udfbe  <\/p>\n\n<p>\ud83c\udfc6 <strong>Resultados destacados individuales<\/strong><\/p>\n\n<p>\ud83e\udd48 <em>Nayara Sanjuan<\/em> , finalista en el <strong>Blue Tennis Cup<\/strong> (CT Playa de Aro) \u2013 categor\u00eda cadete femenino<\/p>\n\n<p>\ud83e\udd48 <em>Marc Castellv\u00ed<\/em> , finalista en el <strong>Blue Tennis Cup<\/strong> (CT Playa de Aro) \u2013 categor\u00eda cadete masculino  <\/p>\n\n<p>\ud83e\udd47 <em>Jan Teixid\u00f3,<\/em> campe\u00f3n <strong>Copa Catalana<\/strong> (CT Lleida) \u2013 benjam\u00edn masculino<\/p>\n\n<p>\ud83e\udd47 <em>Ramiro Romero<\/em> , campe\u00f3n <strong>Copa Catalana<\/strong> (RCT Polo) \u2013 benjam\u00edn masculino<\/p>\n\n<p>\ud83e\udd48 <em>Biel Iglesias,<\/em> finalista en el <strong>Circuito Pere Masip<\/strong> (Emilio Sanchez) \u2013 alev\u00edn masculino<\/p>\n\n<p>\u00a1CLIC <a href=\"https:\/\/www.flickr.com\/photos\/201175535@N05\/\" target=\"_blank\" rel=\"noopener\">AQU\u00cd<\/a> PARA VER TODAS LAS FOTOS!<\/p>\n","protected":false},"excerpt":{"rendered":"<p>\ud83c\udfbe \u00a1Este fin de semana nos ha dejado grandes momentos y buenos resultados! \ud83d\udcaa\ud83c\udffc \ud83d\udd25 \ud83d\udccc Campeonato de Catalu\u00f1a \ud83d\udccc Liga Catalana \ud83c\udfbe \ud83d\udccc Supertenis La actividad dirigida a nuestros jugadores y jugadoras prebenjamines fue un \u00e9xito! \u00a1Una ma\u00f1ana de tenis, sonrisas y mucha diversi\u00f3n para los m\u00e1s peque\u00f1os! \ud83c\udf88 \ud83c\udfbe \ud83c\udfc6 Resultados destacados individuales [&hellip;]<\/p>\n","protected":false},"author":2,"featured_media":5850,"comment_status":"closed","ping_status":"closed","sticky":false,"template":"","format":"standard","meta":{"footnotes":""},"categories":[111],"tags":[51],"class_list":["post-6390","post","type-post","status-publish","format-standard","has-post-thumbnail","hentry","category-sin-categorizar-es","tag-tennis-es"],"_links":{"self":[{"href":"https:\/\/tennistarragona.com\/es\/wp-json\/wp\/v2\/posts\/6390","targetHints":{"allow":["GET"]}}],"collection":[{"href":"https:\/\/tennistarragona.com\/es\/wp-json\/wp\/v2\/posts"}],"about":[{"href":"https:\/\/tennistarragona.com\/es\/wp-json\/wp\/v2\/types\/post"}],"author":[{"embeddable":true,"href":"https:\/\/tennistarragona.com\/es\/wp-json\/wp\/v2\/users\/2"}],"replies":[{"embeddable":true,"href":"https:\/\/tennistarragona.com\/es\/wp-json\/wp\/v2\/comments?post=6390"}],"version-history":[{"count":1,"href":"https:\/\/tennistarragona.com\/es\/wp-json\/wp\/v2\/posts\/6390\/revisions"}],"predecessor-version":[{"id":6391,"href":"https:\/\/tennistarragona.com\/es\/wp-json\/wp\/v2\/posts\/6390\/revisions\/6391"}],"wp:featuredmedia":[{"embeddable":true,"href":"https:\/\/tennistarragona.com\/es\/wp-json\/wp\/v2\/media\/5850"}],"wp:attachment":[{"href":"https:\/\/tennistarragona.com\/es\/wp-json\/wp\/v2\/media?parent=6390"}],"wp:term":[{"taxonomy":"category","embeddable":true,"href":"https:\/\/tennistarragona.com\/es\/wp-json\/wp\/v2\/categories?post=6390"},{"taxonomy":"post_tag","embeddable":true,"href":"https:\/\/tennistarragona.com\/es\/wp-json\/wp\/v2\/tags?post=6390"}],"curies":[{"name":"wp","href":"https:\/\/api.w.org\/{rel}","templated":true}]}}