{"id":4638,"date":"2025-01-08T13:19:55","date_gmt":"2025-01-08T12:19:55","guid":{"rendered":"https:\/\/tennistarragona.com\/?p=4638"},"modified":"2025-01-08T14:20:50","modified_gmt":"2025-01-08T13:20:50","slug":"open-de-reis","status":"publish","type":"post","link":"https:\/\/tennistarragona.com\/es\/open-de-reis\/","title":{"rendered":"OPEN DE REIS (Tennis)"},"content":{"rendered":"\n<p>Un any m\u00e9s, la secci\u00f3 de Tennis ha acollit l&#8217;Open de Reis de la m\u00e0 de la Federaci\u00f3 Catalana de Tennis.<br><br>Hem pogut gaudir del talent de tots els participants que han lluitat per fer-se amb el t\u00edtol, a les pistes de terra batuda de Cala Romana.<br><br>Doncs b\u00e9, els premiats d&#8217;enguany han estat:<br><br>&#8211; Benjam\u00ed Mascul\u00ed: \ud83c\udfc6 RAMIRO GANDOLA &#8211; \ud83e\udd48 ROGER TUMA<\/p>\n\n\n\n<p>&#8211; Consolaci\u00f3 Benjam\u00ed Mascul\u00ed: \ud83c\udfc6 BRUNO MORENO &#8211; \ud83e\udd48 JAN TEIXID\u00d3<\/p>\n\n\n\n<p>&#8211; Benjam\u00ed Femen\u00ed: \ud83c\udfc6 GIA MARIN &#8211; \ud83e\udd48 LEONTINA DIMITRIESKA<\/p>\n\n\n\n<p>&#8211; Consolaci\u00f3 Benjam\u00ed Femen\u00ed: \ud83c\udfc6 N\u00daRIA BERTRAN &#8211; \ud83e\udd48 ONA ROSAL<\/p>\n\n\n\n<p>&#8211; Alev\u00ed Mascul\u00ed: \ud83c\udfc6 FEBERLI MUELLE &#8211; \ud83e\udd48 JUAN JULI\u00c0<\/p>\n\n\n\n<p>&#8211; Alev\u00ed Femen\u00ed: \ud83c\udfc6 MARTINA MORENO &#8211; \ud83e\udd48 EMMA FERN\u00c1NDEZ<\/p>\n\n\n\n<p>&#8211; Infantil Mascul\u00ed: \ud83c\udfc6 POL BORRELL &#8211; \ud83e\udd48 NICO FERRER<\/p>\n\n\n\n<p>&#8211; Infantil Femen\u00ed: \ud83c\udfc6 CARLA MAS &#8211; \ud83e\udd48 IN\u00c9S MENDOZA<\/p>\n\n\n\n<p>&#8211; Cadet Mascul\u00ed: \ud83c\udfc6 MARC CASTELLV\u00cd &#8211; \ud83e\udd48 ROGER MORENO<\/p>\n\n\n\n<p>&#8211; J\u00fanior Mascul\u00ed: \ud83c\udfc6 PERE BLANQUER &#8211; \ud83e\udd48 BIRHANO CASTRILLO<\/p>\n\n\n\n<p>&#8211; Absolut Mascul\u00ed: \ud83c\udfc6 JORDI BUIRA &#8211; \ud83e\udd48 JORDI CACHO<\/p>\n\n\n\n<p>Gr\u00e0cies a tots per participar i per oferir-nos un espectacle asombr\u00f2s!<\/p>\n","protected":false},"excerpt":{"rendered":"<p>Un any m\u00e9s, la secci\u00f3 de Tennis ha acollit l&#8217;Open de Reis de la m\u00e0 de la Federaci\u00f3 Catalana de Tennis. Hem pogut gaudir del talent de tots els participants que han lluitat per fer-se amb el t\u00edtol, a les pistes de terra batuda de Cala Romana. Doncs b\u00e9, els premiats d&#8217;enguany han estat: &#8211; [&hellip;]<\/p>\n","protected":false},"author":3,"featured_media":4641,"comment_status":"open","ping_status":"closed","sticky":false,"template":"","format":"standard","meta":{"footnotes":""},"categories":[47],"tags":[48,49,50,51],"class_list":["post-4638","post","type-post","status-publish","format-standard","has-post-thumbnail","hentry","category-tennis-es","tag-nadal-es","tag-open-de-reis-es","tag-photocall-es","tag-tennis-es"],"_links":{"self":[{"href":"https:\/\/tennistarragona.com\/es\/wp-json\/wp\/v2\/posts\/4638","targetHints":{"allow":["GET"]}}],"collection":[{"href":"https:\/\/tennistarragona.com\/es\/wp-json\/wp\/v2\/posts"}],"about":[{"href":"https:\/\/tennistarragona.com\/es\/wp-json\/wp\/v2\/types\/post"}],"author":[{"embeddable":true,"href":"https:\/\/tennistarragona.com\/es\/wp-json\/wp\/v2\/users\/3"}],"replies":[{"embeddable":true,"href":"https:\/\/tennistarragona.com\/es\/wp-json\/wp\/v2\/comments?post=4638"}],"version-history":[{"count":4,"href":"https:\/\/tennistarragona.com\/es\/wp-json\/wp\/v2\/posts\/4638\/revisions"}],"predecessor-version":[{"id":4656,"href":"https:\/\/tennistarragona.com\/es\/wp-json\/wp\/v2\/posts\/4638\/revisions\/4656"}],"wp:featuredmedia":[{"embeddable":true,"href":"https:\/\/tennistarragona.com\/es\/wp-json\/wp\/v2\/media\/4641"}],"wp:attachment":[{"href":"https:\/\/tennistarragona.com\/es\/wp-json\/wp\/v2\/media?parent=4638"}],"wp:term":[{"taxonomy":"category","embeddable":true,"href":"https:\/\/tennistarragona.com\/es\/wp-json\/wp\/v2\/categories?post=4638"},{"taxonomy":"post_tag","embeddable":true,"href":"https:\/\/tennistarragona.com\/es\/wp-json\/wp\/v2\/tags?post=4638"}],"curies":[{"name":"wp","href":"https:\/\/api.w.org\/{rel}","templated":true}]}}