{"id":10759,"date":"2026-04-29T11:30:07","date_gmt":"2026-04-29T10:30:07","guid":{"rendered":"https:\/\/tennistarragona.com\/marc-castellvi-brilla-a-vic-y-consigue-las-semifinales-del-tenis-europe-sub-16\/"},"modified":"2026-04-29T11:33:46","modified_gmt":"2026-04-29T10:33:46","slug":"marc-castellvi-brilla-a-vic-y-consigue-las-semifinales-del-tenis-europe-sub-16","status":"publish","type":"post","link":"https:\/\/tennistarragona.com\/es\/marc-castellvi-brilla-a-vic-y-consigue-las-semifinales-del-tenis-europe-sub-16\/","title":{"rendered":"MARC CASTELLV\u00cd BRILLA A VIC Y CONSIGUE LAS SEMIFINALES DEL TENIS EUROPE SUB-16"},"content":{"rendered":"\n<p>El pasado s\u00e1bado, nuestro jugador <strong>Marc Castellv\u00ed<\/strong> firm\u00f3 una actuaci\u00f3n destacada en el <strong>Torneo Tenis Europe Sub-16 de Vic<\/strong> , donde logr\u00f3 llegar hasta las <strong>semifinales<\/strong> .<\/p>\n\n<p>Despu\u00e9s de superar con solvencia la fase previa, Marc mantuvo un nivel de <strong>juego excelente<\/strong> a lo largo de todo el cuadro final, demostrando <strong>constancia<\/strong> , <strong>ambici\u00f3n<\/strong> y un <strong>gran estado de forma<\/strong> . Su recorrido hasta semifinales es un <strong>resultado muy valioso<\/strong> y un paso al frente en su progresi\u00f3n deportiva. <\/p>\n\n<p>Desde el Club Tennis Tarragona <strong>felicitamos a Marc<\/strong> por este \u00e9xito y lo animamos a continuar trabajando con la misma dedicaci\u00f3n y esp\u00edritu competitivo.<\/p>\n\n<p>\u00a1Adelante, Marc!<\/p>\n\n<p><strong>Club Tenis Tarragona<\/strong><\/p>\n","protected":false},"excerpt":{"rendered":"<p>El pasado s\u00e1bado, nuestro jugador Marc Castellv\u00ed firm\u00f3 una actuaci\u00f3n destacada en el Torneo Tenis Europe Sub-16 de Vic , donde logr\u00f3 llegar hasta las semifinales . Despu\u00e9s de superar con solvencia la fase previa, Marc mantuvo un nivel de juego excelente a lo largo de todo el cuadro final, demostrando constancia , ambici\u00f3n y [&hellip;]<\/p>\n","protected":false},"author":5,"featured_media":10758,"comment_status":"closed","ping_status":"closed","sticky":false,"template":"","format":"standard","meta":{"footnotes":""},"categories":[111],"tags":[],"class_list":["post-10759","post","type-post","status-publish","format-standard","has-post-thumbnail","hentry","category-sin-categorizar-es"],"_links":{"self":[{"href":"https:\/\/tennistarragona.com\/es\/wp-json\/wp\/v2\/posts\/10759","targetHints":{"allow":["GET"]}}],"collection":[{"href":"https:\/\/tennistarragona.com\/es\/wp-json\/wp\/v2\/posts"}],"about":[{"href":"https:\/\/tennistarragona.com\/es\/wp-json\/wp\/v2\/types\/post"}],"author":[{"embeddable":true,"href":"https:\/\/tennistarragona.com\/es\/wp-json\/wp\/v2\/users\/5"}],"replies":[{"embeddable":true,"href":"https:\/\/tennistarragona.com\/es\/wp-json\/wp\/v2\/comments?post=10759"}],"version-history":[{"count":1,"href":"https:\/\/tennistarragona.com\/es\/wp-json\/wp\/v2\/posts\/10759\/revisions"}],"predecessor-version":[{"id":10760,"href":"https:\/\/tennistarragona.com\/es\/wp-json\/wp\/v2\/posts\/10759\/revisions\/10760"}],"wp:featuredmedia":[{"embeddable":true,"href":"https:\/\/tennistarragona.com\/es\/wp-json\/wp\/v2\/media\/10758"}],"wp:attachment":[{"href":"https:\/\/tennistarragona.com\/es\/wp-json\/wp\/v2\/media?parent=10759"}],"wp:term":[{"taxonomy":"category","embeddable":true,"href":"https:\/\/tennistarragona.com\/es\/wp-json\/wp\/v2\/categories?post=10759"},{"taxonomy":"post_tag","embeddable":true,"href":"https:\/\/tennistarragona.com\/es\/wp-json\/wp\/v2\/tags?post=10759"}],"curies":[{"name":"wp","href":"https:\/\/api.w.org\/{rel}","templated":true}]}}