{"id":10738,"date":"2026-04-28T14:41:38","date_gmt":"2026-04-28T13:41:38","guid":{"rendered":"https:\/\/tennistarragona.com\/resultados-tenis-fin-de-semana-24-26-de-abrl\/"},"modified":"2026-04-29T08:52:25","modified_gmt":"2026-04-29T07:52:25","slug":"resultados-tenis-fin-de-semana-24-26-de-abrl","status":"publish","type":"post","link":"https:\/\/tennistarragona.com\/es\/resultados-tenis-fin-de-semana-24-26-de-abrl\/","title":{"rendered":"RESULTADOS TENIS FIN DE SEMANA 24-26 DE ABRL"},"content":{"rendered":"\n<p>El Club Tennis Tarragona ha vivido un fin de semana intenso y lleno de buenos resultados, con actuaciones destacadas tanto en competici\u00f3n individual como por equipos.<\/p>\n\n<h3 class=\"wp-block-heading\"><strong>Marc Castellv\u00ed, semifinalista en Tenis Europe sub 16<\/strong><\/h3>\n\n<p>El joven jugador del club <strong>Marc Castellv\u00ed<\/strong> ha firmado una actuaci\u00f3n excelente en el torneo <strong>Tennis Europe sub 16 de Vic<\/strong> , donde ha llegado hasta las semifinales. Tras superar la fase previa, Castellv\u00ed mantuvo un nivel de juego muy alto a lo largo de todo el cuadro final, consolidando un resultado de gran m\u00e9rito y proyecci\u00f3n. <\/p>\n\n<h3 class=\"wp-block-heading\"><strong>Berta P\u00e9rez, campeona de la Copa Catalunya alev\u00edn en Bar\u00e0<\/strong><\/h3>\n\n<p>Tambi\u00e9n celebramos el t\u00edtulo conseguido por <strong>Berta P\u00e9rez<\/strong> , que se ha proclamado <strong>campeona de la Copa Catalu\u00f1a de Bar\u00e0 en categor\u00eda alev\u00edn<\/strong> . Un triunfo que confirma su progresi\u00f3n y buen trabajo que est\u00e1 desarrollando. <\/p>\n\n<h3 class=\"wp-block-heading\"><strong>Resultados de la Liga Catalana<\/strong><\/h3>\n\n<ul class=\"wp-block-list\">\n<li><strong>Infantil masculino<\/strong> : victoria por <strong>5\u20130<\/strong> ante el CT Bar\u00e0.<\/li>\n\n\n\n<li><strong>Infantil masculino<\/strong> : derrota por <strong>3-2<\/strong> contra el CT Lleida.<\/li>\n\n\n\n<li><strong>Alev\u00edn femenino<\/strong> : victoria por <strong>4\u20130<\/strong> ante el CT Serramar.<\/li>\n\n\n\n<li><strong>Absoluto masculino<\/strong> : derrota por <strong>5\u20130<\/strong> contra el CT Reus Monterols.<\/li>\n\n\n\n<li><strong>Senior +50 masculino<\/strong> : victoria del equipo A por <strong>5\u20130<\/strong> ante el equipo B.<\/li>\n<\/ul>\n\n<h3 class=\"wp-block-heading\"><strong>Inicio del Campeonato de Catalu\u00f1a Infantil<\/strong><\/h3>\n\n<p>Este fin de semana tambi\u00e9n ha comenzado el <strong>Campeonato de Catalu\u00f1a Infantil<\/strong> , disputado en Cornell\u00e0 (cuadro 1) y en Els Gorchs (cuadro 2). Nuestro club cuenta con una numerosa y competitiva representaci\u00f3n de jugadores y jugadoras que ya han empezado a competir con muy buenas sensaciones. <\/p>\n\n<h3 class=\"wp-block-heading\"><strong>Debut del equipo prebenjam\u00edn en el RCT Polo<\/strong><\/h3>\n\n<p>El s\u00e1bado, nuestro <strong>equipo prebenjam\u00edn<\/strong> inici\u00f3 la liga de tenis en el <strong>RCT Polo<\/strong> , en una jornada con un car\u00e1cter tanto l\u00fadico como competitivo. Esta actividad permite a los m\u00e1s peque\u00f1os empezar a desarrollarse en la pista de tenis en un entorno formativo y motivador. <strong>Felicidades a todos los participantes<\/strong> . <\/p>\n\n<p>El Club Tennis Tarragona sigue demostrando su compromiso con la formaci\u00f3n y la excelencia deportiva. <strong>Seguimos avanzando y compitiendo con fuerza<\/strong> .<\/p>\n\n<figure class=\"wp-block-embed is-type-rich is-provider-flickr wp-block-embed-flickr\"><div class=\"wp-block-embed__wrapper\">\n<a data-flickr-embed=\"true\" href=\"https:\/\/www.flickr.com\/photos\/201175535@N05\/albums\/72177720333376699\" title=\"RESULTATS TENNIS CAP DE SETMANA 24-26 DE ABRIL by club tennis tarragona, on Flickr\" target=\"_blank\" rel=\"noopener\"><img fetchpriority=\"high\" decoding=\"async\" src=\"https:\/\/live.staticflickr.com\/65535\/55236494325_c62bfb2771_c.jpg\" width=\"800\" height=\"600\" alt=\"Lliga catalana senior 50\" title=\"\"><\/a><script async src='https:\/\/embedr.flickr.com\/assets\/client-code.js' charset='utf-8'><\/script>\n<\/div><\/figure>\n","protected":false},"excerpt":{"rendered":"<p>El Club Tennis Tarragona ha vivido un fin de semana intenso y lleno de buenos resultados, con actuaciones destacadas tanto en competici\u00f3n individual como por equipos. Marc Castellv\u00ed, semifinalista en Tenis Europe sub 16 El joven jugador del club Marc Castellv\u00ed ha firmado una actuaci\u00f3n excelente en el torneo Tennis Europe sub 16 de Vic [&hellip;]<\/p>\n","protected":false},"author":5,"featured_media":9066,"comment_status":"closed","ping_status":"closed","sticky":false,"template":"","format":"standard","meta":{"footnotes":""},"categories":[111],"tags":[],"class_list":["post-10738","post","type-post","status-publish","format-standard","has-post-thumbnail","hentry","category-sin-categorizar-es"],"_links":{"self":[{"href":"https:\/\/tennistarragona.com\/es\/wp-json\/wp\/v2\/posts\/10738","targetHints":{"allow":["GET"]}}],"collection":[{"href":"https:\/\/tennistarragona.com\/es\/wp-json\/wp\/v2\/posts"}],"about":[{"href":"https:\/\/tennistarragona.com\/es\/wp-json\/wp\/v2\/types\/post"}],"author":[{"embeddable":true,"href":"https:\/\/tennistarragona.com\/es\/wp-json\/wp\/v2\/users\/5"}],"replies":[{"embeddable":true,"href":"https:\/\/tennistarragona.com\/es\/wp-json\/wp\/v2\/comments?post=10738"}],"version-history":[{"count":1,"href":"https:\/\/tennistarragona.com\/es\/wp-json\/wp\/v2\/posts\/10738\/revisions"}],"predecessor-version":[{"id":10739,"href":"https:\/\/tennistarragona.com\/es\/wp-json\/wp\/v2\/posts\/10738\/revisions\/10739"}],"wp:featuredmedia":[{"embeddable":true,"href":"https:\/\/tennistarragona.com\/es\/wp-json\/wp\/v2\/media\/9066"}],"wp:attachment":[{"href":"https:\/\/tennistarragona.com\/es\/wp-json\/wp\/v2\/media?parent=10738"}],"wp:term":[{"taxonomy":"category","embeddable":true,"href":"https:\/\/tennistarragona.com\/es\/wp-json\/wp\/v2\/categories?post=10738"},{"taxonomy":"post_tag","embeddable":true,"href":"https:\/\/tennistarragona.com\/es\/wp-json\/wp\/v2\/tags?post=10738"}],"curies":[{"name":"wp","href":"https:\/\/api.w.org\/{rel}","templated":true}]}}