{"id":10731,"date":"2026-04-28T10:56:58","date_gmt":"2026-04-28T09:56:58","guid":{"rendered":"https:\/\/tennistarragona.com\/se-celebra-la-asamblea-general-del-club-tenis-tarragona-con-la-aprobacion-unanime-de-todos-los-puntos-de-la-orden-del-dia\/"},"modified":"2026-04-29T08:42:15","modified_gmt":"2026-04-29T07:42:15","slug":"se-celebra-la-asamblea-general-del-club-tenis-tarragona-con-la-aprobacion-unanime-de-todos-los-puntos-de-la-orden-del-dia","status":"publish","type":"post","link":"https:\/\/tennistarragona.com\/es\/se-celebra-la-asamblea-general-del-club-tenis-tarragona-con-la-aprobacion-unanime-de-todos-los-puntos-de-la-orden-del-dia\/","title":{"rendered":"SE CELEBRA LA ASAMBLEA GENERAL DEL CLUB TENIS TARRAGONA CON LA APROBACI\u00d3N UN\u00c1NIME DE TODOS LOS PUNTOS DE LA ORDEN DEL D\u00cdA"},"content":{"rendered":"\n<p>El <strong>Club Tennis Tarragona<\/strong> celebr\u00f3 el pasado lunes 27 de abril, la <strong>Asamblea General Ordinaria<\/strong> , en una sesi\u00f3n marcada por el <strong>consenso, la transparencia y la mirada de futuro<\/strong> . Todos los puntos sometidos a deliberaci\u00f3n y votaci\u00f3n fueron <strong>aprobados por unanimidad<\/strong> de los socios y socias asistentes. <\/p>\n\n<p>Durante la Asamblea, la <strong>Junta Directiva<\/strong> aprovech\u00f3 el momento de <strong>ecuador del mandato<\/strong> para compartir con la masa social una lectura global de los <strong>tres primeros a\u00f1os de gesti\u00f3n<\/strong> , as\u00ed como las <strong>l\u00edneas estrat\u00e9gicas que deben marcar el futuro inmediato del Club<\/strong> .<\/p>\n\n<h4 class=\"wp-block-heading\"><strong>PUNTOS APROBADOS POR UNANIMIDAD<\/strong><\/h4>\n\n<p>En el marco de la Asamblea se aprobaron, entre otros, los siguientes puntos del orden del d\u00eda:<\/p>\n\n<ul class=\"wp-block-list\">\n<li>El <strong>informe de gesti\u00f3n<\/strong> de la Junta Directiva, con un an\u00e1lisis de la evoluci\u00f3n del Club en los \u00faltimos tres a\u00f1os<\/li>\n\n\n\n<li>La <strong>liquidaci\u00f3n del presupuesto 2025<\/strong><\/li>\n\n\n\n<li>El <strong>presupuesto para el ejercicio 2026<\/strong><\/li>\n\n\n\n<li>La <strong>actualizaci\u00f3n de los Estatutos del Club<\/strong> , con modificaciones sustanciales orientadas a reforzar la calidad democr\u00e1tica y la buena gobernanza<\/li>\n\n\n\n<li>La <strong>ratificaci\u00f3n de nuevas incorporaciones a la Junta Directiva<\/strong> , con la entrada de <strong>Herminio Moreno<\/strong> <strong>Noguerol<\/strong> y <strong>Jose Miguel Molero Ciudad<\/strong><\/li>\n\n\n\n<li>Un apartado espec\u00edfico, incorporado por <strong>razones de urgencia<\/strong> , relativo a las <strong>actuaciones a llevar a cabo a ra\u00edz de las \u00faltimas resoluciones del Ayuntamiento de Tarragona sobre la actividad de la zona Park<\/strong><\/li>\n<\/ul>\n\n<h4 class=\"wp-block-heading\"><strong>BALANCE DE TRES A\u00d1OS Y MIRADA DE FUTURO<\/strong><\/h4>\n\n<p>En su intervenci\u00f3n, la Junta Directiva puso en valor un per\u00edodo marcado por <strong>decisiones complejas pero necesarias<\/strong> , que han permitido <strong>ordenar el modelo, reforzar la base social y garantizar la sostenibilidad del proyecto<\/strong> .<\/p>\n\n<p>A trav\u00e9s de datos objetivos, se expuso la evoluci\u00f3n real del Club, destacando:<\/p>\n\n<ul class=\"wp-block-list\">\n<li>la <strong>capacidad de recuperaci\u00f3n y consolidaci\u00f3n<\/strong> de la base social,<\/li>\n\n\n\n<li>el impacto de las <strong>medidas adoptadas en cuotas y promociones<\/strong><\/li>\n\n\n\n<li>la evoluci\u00f3n hacia un <strong>Club m\u00e1s equilibrado, transversal y familiar<\/strong> ,<\/li>\n\n\n\n<li>y una <strong>gesti\u00f3n econ\u00f3mica prudente y responsable<\/strong> , con resultados positivos.<\/li>\n<\/ul>\n\n<p>Mirando hacia adelante, se se\u00f1al\u00f3 que el futuro del Club no se plantea como una promesa, sino como una <strong>consecuencia directa del trabajo realizado<\/strong> , con el objetivo de continuar consolidando el proyecto deportivo, social e institucional durante el per\u00edodo <strong>2026-2029<\/strong> .<\/p>\n\n<h4 class=\"wp-block-heading\"><strong>AGRADECIMIENTO Y COMPROMISO<\/strong><\/h4>\n\n<p>La Junta Directiva quiso agradecer la <strong>confianza, implicaci\u00f3n y participaci\u00f3n<\/strong> de los socios y socias, as\u00ed como el trabajo de todas las personas que, de forma voluntaria o profesional, contribuyen al d\u00eda a d\u00eda del Club.<\/p>\n\n<p>Con el apoyo expresado en la Asamblea, el <strong>Club Tennis Tarragona<\/strong> reafirma su <strong>compromiso con un modelo de gesti\u00f3n riguroso, transparente y orientado al futuro<\/strong> , al servicio de toda su comunidad.<\/p>\n","protected":false},"excerpt":{"rendered":"<p>El Club Tennis Tarragona celebr\u00f3 el pasado lunes 27 de abril, la Asamblea General Ordinaria , en una sesi\u00f3n marcada por el consenso, la transparencia y la mirada de futuro . Todos los puntos sometidos a deliberaci\u00f3n y votaci\u00f3n fueron aprobados por unanimidad de los socios y socias asistentes. Durante la Asamblea, la Junta Directiva [&hellip;]<\/p>\n","protected":false},"author":2,"featured_media":10730,"comment_status":"closed","ping_status":"closed","sticky":false,"template":"","format":"standard","meta":{"footnotes":""},"categories":[111],"tags":[],"class_list":["post-10731","post","type-post","status-publish","format-standard","has-post-thumbnail","hentry","category-sin-categorizar-es"],"_links":{"self":[{"href":"https:\/\/tennistarragona.com\/es\/wp-json\/wp\/v2\/posts\/10731","targetHints":{"allow":["GET"]}}],"collection":[{"href":"https:\/\/tennistarragona.com\/es\/wp-json\/wp\/v2\/posts"}],"about":[{"href":"https:\/\/tennistarragona.com\/es\/wp-json\/wp\/v2\/types\/post"}],"author":[{"embeddable":true,"href":"https:\/\/tennistarragona.com\/es\/wp-json\/wp\/v2\/users\/2"}],"replies":[{"embeddable":true,"href":"https:\/\/tennistarragona.com\/es\/wp-json\/wp\/v2\/comments?post=10731"}],"version-history":[{"count":1,"href":"https:\/\/tennistarragona.com\/es\/wp-json\/wp\/v2\/posts\/10731\/revisions"}],"predecessor-version":[{"id":10735,"href":"https:\/\/tennistarragona.com\/es\/wp-json\/wp\/v2\/posts\/10731\/revisions\/10735"}],"wp:featuredmedia":[{"embeddable":true,"href":"https:\/\/tennistarragona.com\/es\/wp-json\/wp\/v2\/media\/10730"}],"wp:attachment":[{"href":"https:\/\/tennistarragona.com\/es\/wp-json\/wp\/v2\/media?parent=10731"}],"wp:term":[{"taxonomy":"category","embeddable":true,"href":"https:\/\/tennistarragona.com\/es\/wp-json\/wp\/v2\/categories?post=10731"},{"taxonomy":"post_tag","embeddable":true,"href":"https:\/\/tennistarragona.com\/es\/wp-json\/wp\/v2\/tags?post=10731"}],"curies":[{"name":"wp","href":"https:\/\/api.w.org\/{rel}","templated":true}]}}