{"id":10478,"date":"2026-03-29T15:54:26","date_gmt":"2026-03-29T14:54:26","guid":{"rendered":"https:\/\/tennistarragona.com\/itf-m25-ciudad-de-tarragona-2026-cronica-final-del-torneo\/"},"modified":"2026-03-29T15:56:22","modified_gmt":"2026-03-29T14:56:22","slug":"itf-m25-ciudad-de-tarragona-2026-cronica-final-del-torneo","status":"publish","type":"post","link":"https:\/\/tennistarragona.com\/es\/itf-m25-ciudad-de-tarragona-2026-cronica-final-del-torneo\/","title":{"rendered":"ITF M25 Ciudad de Tarragona 2026 \u2013 Cr\u00f3nica final del torneo"},"content":{"rendered":"\n<p>El b\u00falgaro <strong>Ivan Ivanov<\/strong> se ha proclamado campe\u00f3n del <strong>ITF M25 Ciudad de Tarragona 2026<\/strong> , tras imponerse en la final al espa\u00f1ol <strong>Alex Mart\u00ed Pujolras<\/strong> por <strong>6\/3 y 6\/2<\/strong> . La final, disputada el domingo en las pistas del Club Tennis Tarragona, ha cerrado una semana de competici\u00f3n de excelente nivel, marcada por un gran ambiente y una destacada participaci\u00f3n de p\u00fablico. <\/p>\n\n<p>La ceremonia oficial de entrega del trofeo ha contado con la presencia de diversas autoridades institucionales y deportivas:<\/p>\n\n<ul class=\"wp-block-list\">\n<li><strong>Elisa Vedrina<\/strong> , Diputada por Tarragona en el Congreso de los Diputados<\/li>\n\n\n\n<li><strong>Estefania Serrano<\/strong> , Representante Territorial del Deporte en Tarragona<\/li>\n\n\n\n<li><strong>Javier Soler<\/strong> , Director Deportivo de la Real Federaci\u00f3n Espa\u00f1ola de Tenis<\/li>\n\n\n\n<li><strong>Ton Rovirosa<\/strong> , Delegado Territorial de la Federaci\u00f3n Catalana de Tenis<\/li>\n\n\n\n<li><strong>Mario Soler<\/strong> , Consejero de Deportes, Turismo Deportivo y Salud del Ayuntamiento de Tarragona<\/li>\n\n\n\n<li><strong>Luis Salas<\/strong> , Presidente del Club Tenis Tarragona<\/li>\n<\/ul>\n\n<p>Durante el acto tambi\u00e9n se ha hecho una <strong>distinci\u00f3n especial a Eduardo Bueno<\/strong> , supervisor del torneo, ya <strong>su equipo arbitral<\/strong> , en reconocimiento a la labor rigurosa y profesional realizada durante toda la semana.<\/p>\n\n<h2 class=\"wp-block-heading\">Resultado de la final de dobles<\/h2>\n\n<p>La categor\u00eda de dobles se decidi\u00f3 el s\u00e1bado, con el triunfo de la pareja espa\u00f1ola <strong>Sergio Callej\u00f3n y Pedro Vives<\/strong> , que superaron a los franceses <strong>Sean Cuenin y Mathys Erhard<\/strong> por <strong>6\/3 y 6\/3<\/strong> .<\/p>\n\n<h2 class=\"wp-block-heading\">Declaraciones del campe\u00f3n<\/h2>\n\n<p>Tras la final, Ivan Ivanov valor\u00f3 muy positivamente su experiencia en el torneo:<\/p>\n\n<p><em>Esta semana ha sido muy bonita. Tarragona es preciosa. Es un club fant\u00e1stico y la organizaci\u00f3n es excelente, as\u00ed que estoy muy agradecido de haber estado aqu\u00ed.  <\/em><\/p>\n\n<p>Sobre las instalaciones del Club Tennis Tarragona, a\u00f1ade:<br\/> <em>Todo ha sido genial: la gente ha sido muy amable, la comida es buena, el sitio es precioso y las pistas est\u00e1n en muy buenas condiciones.<\/em><\/p>\n\n<p>En cuanto a su futuro deportivo:<br\/> <em>Espero poder ganar m\u00e1s t\u00edtulos como este, dar el salto a los torneos Challenger y, quiz\u00e1 alg\u00fan d\u00eda, llegar al circuito ATP.<\/em><\/p>\n\n<p>Y un mensaje para los m\u00e1s j\u00f3venes:<br\/> <em>Que sigan luchando cada d\u00eda por mejorar y que disfruten en la pista.<\/em><\/p>\n\n<h2 class=\"wp-block-heading\">Valoraci\u00f3n del Club Tennis Tarragona<\/h2>\n\n<p>El Club Tennis Tarragona hace una valoraci\u00f3n muy positiva del torneo, tanto por el nivel deportivo como por la participaci\u00f3n del p\u00fablico y el apoyo institucional. El club reafirma su compromiso de seguir impulsando competiciones internacionales y consolidar el ITF M25 Ciudad de Tarragona como una cita destacada del calendario ten\u00edstico. <\/p>\n\n<p><strong>Todos los resultados y cuadros del torneo se pueden consultar en la web oficial:<\/strong><br\/> <kbd><a href=\"http:\/\/itfm25.tennistarragona.com\" data-type=\"link\" data-id=\"itfm25.tennistarragona.com\">itfm25.tennistarragona.com<\/a><\/kbd><\/p>\n\n<p><\/p>\n","protected":false},"excerpt":{"rendered":"<p>El b\u00falgaro Ivan Ivanov se ha proclamado campe\u00f3n del ITF M25 Ciudad de Tarragona 2026 , tras imponerse en la final al espa\u00f1ol Alex Mart\u00ed Pujolras por 6\/3 y 6\/2 . La final, disputada el domingo en las pistas del Club Tennis Tarragona, ha cerrado una semana de competici\u00f3n de excelente nivel, marcada por un [&hellip;]<\/p>\n","protected":false},"author":2,"featured_media":10477,"comment_status":"closed","ping_status":"closed","sticky":false,"template":"","format":"standard","meta":{"footnotes":""},"categories":[111],"tags":[],"class_list":["post-10478","post","type-post","status-publish","format-standard","has-post-thumbnail","hentry","category-sin-categorizar-es"],"_links":{"self":[{"href":"https:\/\/tennistarragona.com\/es\/wp-json\/wp\/v2\/posts\/10478","targetHints":{"allow":["GET"]}}],"collection":[{"href":"https:\/\/tennistarragona.com\/es\/wp-json\/wp\/v2\/posts"}],"about":[{"href":"https:\/\/tennistarragona.com\/es\/wp-json\/wp\/v2\/types\/post"}],"author":[{"embeddable":true,"href":"https:\/\/tennistarragona.com\/es\/wp-json\/wp\/v2\/users\/2"}],"replies":[{"embeddable":true,"href":"https:\/\/tennistarragona.com\/es\/wp-json\/wp\/v2\/comments?post=10478"}],"version-history":[{"count":1,"href":"https:\/\/tennistarragona.com\/es\/wp-json\/wp\/v2\/posts\/10478\/revisions"}],"predecessor-version":[{"id":10479,"href":"https:\/\/tennistarragona.com\/es\/wp-json\/wp\/v2\/posts\/10478\/revisions\/10479"}],"wp:featuredmedia":[{"embeddable":true,"href":"https:\/\/tennistarragona.com\/es\/wp-json\/wp\/v2\/media\/10477"}],"wp:attachment":[{"href":"https:\/\/tennistarragona.com\/es\/wp-json\/wp\/v2\/media?parent=10478"}],"wp:term":[{"taxonomy":"category","embeddable":true,"href":"https:\/\/tennistarragona.com\/es\/wp-json\/wp\/v2\/categories?post=10478"},{"taxonomy":"post_tag","embeddable":true,"href":"https:\/\/tennistarragona.com\/es\/wp-json\/wp\/v2\/tags?post=10478"}],"curies":[{"name":"wp","href":"https:\/\/api.w.org\/{rel}","templated":true}]}}