{"id":10187,"date":"2026-03-16T16:18:41","date_gmt":"2026-03-16T15:18:41","guid":{"rendered":"https:\/\/tennistarragona.com\/resultados-padel-fin-de-semana-13-15-de-marzo\/"},"modified":"2026-03-17T16:13:45","modified_gmt":"2026-03-17T15:13:45","slug":"resultados-padel-fin-de-semana-13-15-de-marzo","status":"publish","type":"post","link":"https:\/\/tennistarragona.com\/es\/resultados-padel-fin-de-semana-13-15-de-marzo\/","title":{"rendered":"RESULTADOS P\u00c1DEL FIN DE SEMANA 13-15 DE MARZO"},"content":{"rendered":"\n<p>El p\u00e1del del Club Tennis Tarragona ha vivido un fin de semana intenso y lleno de emociones, marcado por grandes actuaciones individuales y una nueva jornada liguera con resultados para todos los gustos.<\/p>\n\n<p class=\"has-medium-font-size\"><strong>Bruno Duran, campe\u00f3n del II Gran Slam de la FCP<\/strong><\/p>\n\n<p>El joven jugador del club <strong>Bruno Duran<\/strong> se ha proclamado <strong>campe\u00f3n del II Gran Slam de la Federaci\u00f3n Catalana de P\u00e1del<\/strong> , disputado en el <strong>Bela Padel Center<\/strong> , formando pareja con <strong>Bru Torras<\/strong> .<\/p>\n\n<p>Tras un fin de semana brillante, Bruno se ha impuesto con autoridad en la categor\u00eda <strong>Benjam\u00edn<\/strong> , consiguiendo tambi\u00e9n la clasificaci\u00f3n para el <strong>TyC Premium<\/strong> que tendr\u00e1 lugar en abril en Alicante.<\/p>\n\n<p>Sus resultados fueron impecables:<\/p>\n\n<ul class=\"wp-block-list\">\n<li><strong>Cuartos de final:<\/strong> 6-1 \/ 6-2<\/li>\n\n\n\n<li><strong>Semifinales:<\/strong> 6-1 \/ 6-1<\/li>\n\n\n\n<li><strong>Final:<\/strong> 7-5 \/ 6-2 ante la pareja n\u00famero 2 del torneo<\/li>\n<\/ul>\n\n<p>Una actuaci\u00f3n que confirma su gran momento de forma y crecimiento deportivo.<\/p>\n\n<p class=\"has-medium-font-size\"><strong>Jana Cadena, semifinalista de consolaci\u00f3n y encuentro con una leyenda<\/strong><\/p>\n\n<p>En cuanto a <strong>Jana Cadena<\/strong> , compiti\u00f3 en categor\u00eda <strong>Alev\u00edn<\/strong> , donde cay\u00f3 en primera ronda ante la pareja n\u00famero 1 del torneo. Sin embargo, sigui\u00f3 luchando hasta llegar a las <strong>semifinales de consolaci\u00f3n<\/strong> . <\/p>\n\n<p>El fin de semana le dej\u00f3 tambi\u00e9n un momento muy especial: pudo conocer en persona a la leyenda del p\u00e1del <strong>Fernando Belastegu\u00edn<\/strong> , una experiencia inolvidable para cualquier joven jugador.<\/p>\n\n<p><strong>RESULTADOS DE LIGA<\/strong><\/p>\n\n<ul class=\"wp-block-list\">\n<li><strong>Veteranas B<\/strong> \u2013 <em>Gana 1-2<\/em> vs <strong>TDB<\/strong><\/li>\n\n\n\n<li><strong>Femenino C<\/strong> \u2013 <em>Pierde 3-0<\/em> vs <strong>EuroSport<\/strong><\/li>\n\n\n\n<li><strong>Femenino E<\/strong> \u2013 <em>Gana 0-3<\/em> vs <strong>Tenis TDB<\/strong><\/li>\n\n\n\n<li><strong>Veteranas A<\/strong> \u2013 <em>Gana 2-1<\/em> vs <strong>Monterols A<\/strong><\/li>\n\n\n\n<li><strong>Veteranos B<\/strong> \u2013 <em>Ganan 3-0<\/em> vs <strong>Golf Costa Dorada B<\/strong><\/li>\n\n\n\n<li><strong>Veteranos B<\/strong> \u2013 <em>Pierde 3-0<\/em> vs <strong>Apolo B<\/strong><\/li>\n\n\n\n<li><strong>Veteranos A<\/strong> \u2013 <em>Gana 3-0<\/em> vs <strong>Mes K Padel B<\/strong><\/li>\n\n\n\n<li><strong>Femenino B<\/strong> \u2013 <em>Gana 2-1<\/em> vs <strong>Maspassamaner A<\/strong><\/li>\n<\/ul>\n\n<p><strong>RESULTADOS SNP<\/strong><\/p>\n\n<ul class=\"wp-block-list\">\n<li><strong>Femenino B<\/strong> \u2013 Eliminadas en la <strong>2a ronda de los play-off<\/strong><\/li>\n<\/ul>\n\n<figure class=\"wp-block-embed is-type-rich is-provider-flickr wp-block-embed-flickr\"><div class=\"wp-block-embed__wrapper\">\n<a data-flickr-embed=\"true\" href=\"https:\/\/www.flickr.com\/photos\/201175535@N05\/albums\/72177720332556757\" title=\"RESULTATS P\u00c1DEL CAP DE SETMANA 13-15 DE MAR\u00c7 by club tennis tarragona, on Flickr\" target=\"_blank\" rel=\"noopener\"><img fetchpriority=\"high\" decoding=\"async\" src=\"https:\/\/live.staticflickr.com\/65535\/55151141183_f27a672dae_c.jpg\" width=\"800\" height=\"600\" alt=\"C Fem\" title=\"\"><\/a><script async src='https:\/\/embedr.flickr.com\/assets\/client-code.js' charset='utf-8'><\/script>\n<\/div><\/figure>\n","protected":false},"excerpt":{"rendered":"<p>El p\u00e1del del Club Tennis Tarragona ha vivido un fin de semana intenso y lleno de emociones, marcado por grandes actuaciones individuales y una nueva jornada liguera con resultados para todos los gustos. Bruno Duran, campe\u00f3n del II Gran Slam de la FCP El joven jugador del club Bruno Duran se ha proclamado campe\u00f3n del [&hellip;]<\/p>\n","protected":false},"author":5,"featured_media":9072,"comment_status":"closed","ping_status":"closed","sticky":false,"template":"","format":"standard","meta":{"footnotes":""},"categories":[111],"tags":[],"class_list":["post-10187","post","type-post","status-publish","format-standard","has-post-thumbnail","hentry","category-sin-categorizar-es"],"_links":{"self":[{"href":"https:\/\/tennistarragona.com\/es\/wp-json\/wp\/v2\/posts\/10187","targetHints":{"allow":["GET"]}}],"collection":[{"href":"https:\/\/tennistarragona.com\/es\/wp-json\/wp\/v2\/posts"}],"about":[{"href":"https:\/\/tennistarragona.com\/es\/wp-json\/wp\/v2\/types\/post"}],"author":[{"embeddable":true,"href":"https:\/\/tennistarragona.com\/es\/wp-json\/wp\/v2\/users\/5"}],"replies":[{"embeddable":true,"href":"https:\/\/tennistarragona.com\/es\/wp-json\/wp\/v2\/comments?post=10187"}],"version-history":[{"count":1,"href":"https:\/\/tennistarragona.com\/es\/wp-json\/wp\/v2\/posts\/10187\/revisions"}],"predecessor-version":[{"id":10188,"href":"https:\/\/tennistarragona.com\/es\/wp-json\/wp\/v2\/posts\/10187\/revisions\/10188"}],"wp:featuredmedia":[{"embeddable":true,"href":"https:\/\/tennistarragona.com\/es\/wp-json\/wp\/v2\/media\/9072"}],"wp:attachment":[{"href":"https:\/\/tennistarragona.com\/es\/wp-json\/wp\/v2\/media?parent=10187"}],"wp:term":[{"taxonomy":"category","embeddable":true,"href":"https:\/\/tennistarragona.com\/es\/wp-json\/wp\/v2\/categories?post=10187"},{"taxonomy":"post_tag","embeddable":true,"href":"https:\/\/tennistarragona.com\/es\/wp-json\/wp\/v2\/tags?post=10187"}],"curies":[{"name":"wp","href":"https:\/\/api.w.org\/{rel}","templated":true}]}}