{"id":10185,"date":"2026-03-17T18:00:00","date_gmt":"2026-03-17T17:00:00","guid":{"rendered":"https:\/\/tennistarragona.com\/?p=10185"},"modified":"2026-03-17T16:12:09","modified_gmt":"2026-03-17T15:12:09","slug":"bruno-duran-campeon-del-ii-gran-slam-de-la-federacion-catalana-de-padel","status":"publish","type":"post","link":"https:\/\/tennistarragona.com\/es\/bruno-duran-campeon-del-ii-gran-slam-de-la-federacion-catalana-de-padel\/","title":{"rendered":"BRUNO DURAN, CAMPE\u00d3N DEL II GRAN SLAM DE LA FEDERACI\u00d3N CATALANA DE P\u00c1DEL"},"content":{"rendered":"\n<p>El jugador del Club Tenis Tarragona <strong>Bruno Duran<\/strong> ha conseguido un destacado triunfo este fin de semana al proclamarse <strong>campe\u00f3n del II Gran Slam de la Federaci\u00f3n Catalana de P\u00e1del<\/strong> , celebrado en el <strong>Bela Padel Center<\/strong> , formando pareja con <strong>Bru Torras<\/strong> .<\/p>\n\n<p>En la categor\u00eda <strong>Benjam\u00edn<\/strong> , Duran demostr\u00f3 un nivel de juego excelente y una gran solidez competitiva, superando todas las rondas con autoridad. Esta victoria le permite tambi\u00e9n asegurar su clasificaci\u00f3n para el <strong>TyC Premium<\/strong> , que tendr\u00e1 lugar en abril en Alicante. <\/p>\n\n<p>Los resultados del torneo reflejan su superioridad en la pista:<\/p>\n\n<ul class=\"wp-block-list\">\n<li><strong>Cuartos de final:<\/strong> 6-1 \/ 6-2<\/li>\n\n\n\n<li><strong>Semifinales:<\/strong> 6-1 \/ 6-1<\/li>\n\n\n\n<li><strong>Final:<\/strong> 7-5 \/ 6-2 ante la pareja n\u00famero 2 del cuadro<\/li>\n<\/ul>\n\n<p>Este \u00e9xito confirma la progresi\u00f3n deportiva de Bruno Duran y el buen trabajo que se realiza desde el \u00e1rea de p\u00e1del formativo del club. Desde el Club Tennis Tarragona, felicitamos al jugador y su equipo t\u00e9cnico por este magn\u00edfico resultado y les animamos a seguir avanzando en esta l\u00ednea de crecimiento. <\/p>\n","protected":false},"excerpt":{"rendered":"<p>El jugador del Club Tenis Tarragona Bruno Duran ha conseguido un destacado triunfo este fin de semana al proclamarse campe\u00f3n del II Gran Slam de la Federaci\u00f3n Catalana de P\u00e1del , celebrado en el Bela Padel Center , formando pareja con Bru Torras . En la categor\u00eda Benjam\u00edn , Duran demostr\u00f3 un nivel de juego [&hellip;]<\/p>\n","protected":false},"author":5,"featured_media":10184,"comment_status":"closed","ping_status":"closed","sticky":false,"template":"","format":"standard","meta":{"footnotes":""},"categories":[111],"tags":[],"class_list":["post-10185","post","type-post","status-publish","format-standard","has-post-thumbnail","hentry","category-sin-categorizar-es"],"_links":{"self":[{"href":"https:\/\/tennistarragona.com\/es\/wp-json\/wp\/v2\/posts\/10185","targetHints":{"allow":["GET"]}}],"collection":[{"href":"https:\/\/tennistarragona.com\/es\/wp-json\/wp\/v2\/posts"}],"about":[{"href":"https:\/\/tennistarragona.com\/es\/wp-json\/wp\/v2\/types\/post"}],"author":[{"embeddable":true,"href":"https:\/\/tennistarragona.com\/es\/wp-json\/wp\/v2\/users\/5"}],"replies":[{"embeddable":true,"href":"https:\/\/tennistarragona.com\/es\/wp-json\/wp\/v2\/comments?post=10185"}],"version-history":[{"count":1,"href":"https:\/\/tennistarragona.com\/es\/wp-json\/wp\/v2\/posts\/10185\/revisions"}],"predecessor-version":[{"id":10186,"href":"https:\/\/tennistarragona.com\/es\/wp-json\/wp\/v2\/posts\/10185\/revisions\/10186"}],"wp:featuredmedia":[{"embeddable":true,"href":"https:\/\/tennistarragona.com\/es\/wp-json\/wp\/v2\/media\/10184"}],"wp:attachment":[{"href":"https:\/\/tennistarragona.com\/es\/wp-json\/wp\/v2\/media?parent=10185"}],"wp:term":[{"taxonomy":"category","embeddable":true,"href":"https:\/\/tennistarragona.com\/es\/wp-json\/wp\/v2\/categories?post=10185"},{"taxonomy":"post_tag","embeddable":true,"href":"https:\/\/tennistarragona.com\/es\/wp-json\/wp\/v2\/tags?post=10185"}],"curies":[{"name":"wp","href":"https:\/\/api.w.org\/{rel}","templated":true}]}}