{"id":10147,"date":"2026-03-12T14:49:52","date_gmt":"2026-03-12T13:49:52","guid":{"rendered":"https:\/\/tennistarragona.com\/el-club-tenis-tarragona-presenta-la-tercera-edicion-del-itf-m25-ciudad-de-tarragona\/"},"modified":"2026-03-12T14:59:14","modified_gmt":"2026-03-12T13:59:14","slug":"el-club-tenis-tarragona-presenta-la-tercera-edicion-del-itf-m25-ciudad-de-tarragona","status":"publish","type":"post","link":"https:\/\/tennistarragona.com\/es\/el-club-tenis-tarragona-presenta-la-tercera-edicion-del-itf-m25-ciudad-de-tarragona\/","title":{"rendered":"El club tenis tarragona presenta la tercera edici\u00f3n del ITF m25 ciudad de tarragona"},"content":{"rendered":"\n<p><strong>Tarragona, 12 de marzo de 2026<\/strong><\/p>\n\n<p>El <strong>Club Tennis Tarragona<\/strong> ha celebrado esta ma\u00f1ana la rueda de prensa de presentaci\u00f3n de la <strong>3a edici\u00f3n del ITF M25 Ciudad de Tarragona<\/strong> , que se disputar\u00e1 del <strong>22 al 29 de marzo<\/strong> en las pistas de <strong>tierra batida<\/strong> .<\/p>\n\n<p>El acto cont\u00f3 con la participaci\u00f3n de representantes del mundo deportivo e institucional, que destacaron el crecimiento del torneo y su impacto para la ciudad.<\/p>\n\n<h3 class=\"wp-block-heading\"><strong>Intervenciones destacadas<\/strong><\/h3>\n\n<p>El presidente del club, <strong>Luis Salas<\/strong> , ha remarcado la \u00abresponsabilidad e ilusi\u00f3n\u00bb con la que el CTT afronta esta nueva edici\u00f3n y ha invitado a toda la ciudadan\u00eda a disfrutar del torneo.<\/p>\n\n<p><strong>Jordi Tamayo<\/strong> , presidente de la Federaci\u00f3n Catalana de Tenis, vicepresidente de la RFET y miembro de la Junta Directiva de la ITF, ha puesto en valor el papel del club y la labor que se hace desde el territorio para consolidar eventos de este nivel.<\/p>\n\n<p>El director deportivo de la RFET, <strong>Javier Soler<\/strong> , ha destacado, con una intervenci\u00f3n en castellano, que Espa\u00f1a cuenta actualmente con una red de m\u00e1s de 80 torneos ITF, esenciales para que los jugadores den el paso al profesionalismo.<\/p>\n\n<p>Por parte del Ayuntamiento de Tarragona, el consejero de Deporte y Turismo Deportivo, <strong>Mario Soler<\/strong> , ha subrayado la importancia del torneo para la proyecci\u00f3n deportiva y tur\u00edstica de la ciudad.<\/p>\n\n<p>La representante territorial del Deporte en Tarragona, <strong>Estefania Serrano<\/strong> , ha cerrado el acto reforzando el compromiso institucional con este tipo de eventos que impulsan la econom\u00eda, el turismo y la cohesi\u00f3n territorial.<\/p>\n\n<h3 class=\"wp-block-heading\"><strong>Detalles deportivos del torneo<\/strong><\/h3>\n\n<p>El director del torneo, <strong>Marc Mas<\/strong> , ha confirmado que el cuadro final estar\u00e1 formado por <strong>32 jugadores<\/strong> , con rankings entre el <strong>286 y el 532 ATP<\/strong> , y que la fase previa (22-24 de marzo) contar\u00e1 con <strong>64 jugadores<\/strong> .<\/p>\n\n<p>Tambi\u00e9n ha anunciado los <strong>6 jugadores espa\u00f1oles<\/strong> destacados, los <strong>4 wild cards locales<\/strong> y el <strong>torneo absoluto federado previo<\/strong> (del 16 al 20 de marzo), que otorgar\u00e1 invitaciones a los ganadores.<\/p>\n\n<h3 class=\"wp-block-heading\"><strong>Entrada gratuita<\/strong><\/h3>\n\n<p>El torneo ser\u00e1 <strong>de acceso libre<\/strong> durante todas las jornadas, y el Club Tennis Tarragona invita a toda la ciudad a vivir una semana de <strong>tenis internacional de primer nivel<\/strong> .<\/p>\n","protected":false},"excerpt":{"rendered":"<p>Tarragona, 12 de marzo de 2026 El Club Tennis Tarragona ha celebrado esta ma\u00f1ana la rueda de prensa de presentaci\u00f3n de la 3a edici\u00f3n del ITF M25 Ciudad de Tarragona , que se disputar\u00e1 del 22 al 29 de marzo en las pistas de tierra batida . El acto cont\u00f3 con la participaci\u00f3n de representantes [&hellip;]<\/p>\n","protected":false},"author":2,"featured_media":10146,"comment_status":"closed","ping_status":"closed","sticky":false,"template":"","format":"standard","meta":{"footnotes":""},"categories":[111],"tags":[51],"class_list":["post-10147","post","type-post","status-publish","format-standard","has-post-thumbnail","hentry","category-sin-categorizar-es","tag-tennis-es"],"_links":{"self":[{"href":"https:\/\/tennistarragona.com\/es\/wp-json\/wp\/v2\/posts\/10147","targetHints":{"allow":["GET"]}}],"collection":[{"href":"https:\/\/tennistarragona.com\/es\/wp-json\/wp\/v2\/posts"}],"about":[{"href":"https:\/\/tennistarragona.com\/es\/wp-json\/wp\/v2\/types\/post"}],"author":[{"embeddable":true,"href":"https:\/\/tennistarragona.com\/es\/wp-json\/wp\/v2\/users\/2"}],"replies":[{"embeddable":true,"href":"https:\/\/tennistarragona.com\/es\/wp-json\/wp\/v2\/comments?post=10147"}],"version-history":[{"count":1,"href":"https:\/\/tennistarragona.com\/es\/wp-json\/wp\/v2\/posts\/10147\/revisions"}],"predecessor-version":[{"id":10148,"href":"https:\/\/tennistarragona.com\/es\/wp-json\/wp\/v2\/posts\/10147\/revisions\/10148"}],"wp:featuredmedia":[{"embeddable":true,"href":"https:\/\/tennistarragona.com\/es\/wp-json\/wp\/v2\/media\/10146"}],"wp:attachment":[{"href":"https:\/\/tennistarragona.com\/es\/wp-json\/wp\/v2\/media?parent=10147"}],"wp:term":[{"taxonomy":"category","embeddable":true,"href":"https:\/\/tennistarragona.com\/es\/wp-json\/wp\/v2\/categories?post=10147"},{"taxonomy":"post_tag","embeddable":true,"href":"https:\/\/tennistarragona.com\/es\/wp-json\/wp\/v2\/tags?post=10147"}],"curies":[{"name":"wp","href":"https:\/\/api.w.org\/{rel}","templated":true}]}}