{"id":10118,"date":"2026-03-05T14:35:56","date_gmt":"2026-03-05T13:35:56","guid":{"rendered":"https:\/\/tennistarragona.com\/rueda-de-prensa-de-presentacion-de-la-3a-edicion-del-itf-m25-ciudad-de-tarragona\/"},"modified":"2026-03-06T13:03:40","modified_gmt":"2026-03-06T12:03:40","slug":"rueda-de-prensa-de-presentacion-de-la-3a-edicion-del-itf-m25-ciudad-de-tarragona","status":"publish","type":"post","link":"https:\/\/tennistarragona.com\/es\/rueda-de-prensa-de-presentacion-de-la-3a-edicion-del-itf-m25-ciudad-de-tarragona\/","title":{"rendered":"Rueda de prensa de presentaci\u00f3n de la 3a edici\u00f3n del ITF M25 Ciudad de Tarragona"},"content":{"rendered":"\n<p>El <strong>pr\u00f3ximo jueves 12 de marzo, a las 10.00 h<\/strong> , el Club Tennis Tarragona acoger\u00e1 la <strong>rueda de prensa oficial de presentaci\u00f3n de la tercera edici\u00f3n del ITF M25 Ciudad de Tarragona<\/strong> , uno de los eventos deportivos m\u00e1s destacados de nuestro calendario anual.<\/p>\n\n<p>Este acto contar\u00e1 con la presencia de representantes institucionales, medios de comunicaci\u00f3n y miembros de la organizaci\u00f3n del torneo, que dar\u00e1n el pistoletazo de salida a una nueva edici\u00f3n llena de tenis de alto nivel.<\/p>\n\n<p>Desde el Club queremos <strong>invitar a todos los socios y socias<\/strong> que quieran asistir.<br\/> Su presencia ser\u00e1 <strong>bienvenida<\/strong> y contribuir\u00e1 a apoyar un torneo que sit\u00faa a Tarragona en el mapa internacional del tenis.<\/p>\n\n<p>\u00a1Os esperamos!  <\/p>\n","protected":false},"excerpt":{"rendered":"<p>El pr\u00f3ximo jueves 12 de marzo, a las 10.00 h , el Club Tennis Tarragona acoger\u00e1 la rueda de prensa oficial de presentaci\u00f3n de la tercera edici\u00f3n del ITF M25 Ciudad de Tarragona , uno de los eventos deportivos m\u00e1s destacados de nuestro calendario anual. Este acto contar\u00e1 con la presencia de representantes institucionales, medios [&hellip;]<\/p>\n","protected":false},"author":2,"featured_media":10114,"comment_status":"closed","ping_status":"closed","sticky":false,"template":"","format":"standard","meta":{"footnotes":""},"categories":[111],"tags":[],"class_list":["post-10118","post","type-post","status-publish","format-standard","has-post-thumbnail","hentry","category-sin-categorizar-es"],"_links":{"self":[{"href":"https:\/\/tennistarragona.com\/es\/wp-json\/wp\/v2\/posts\/10118","targetHints":{"allow":["GET"]}}],"collection":[{"href":"https:\/\/tennistarragona.com\/es\/wp-json\/wp\/v2\/posts"}],"about":[{"href":"https:\/\/tennistarragona.com\/es\/wp-json\/wp\/v2\/types\/post"}],"author":[{"embeddable":true,"href":"https:\/\/tennistarragona.com\/es\/wp-json\/wp\/v2\/users\/2"}],"replies":[{"embeddable":true,"href":"https:\/\/tennistarragona.com\/es\/wp-json\/wp\/v2\/comments?post=10118"}],"version-history":[{"count":1,"href":"https:\/\/tennistarragona.com\/es\/wp-json\/wp\/v2\/posts\/10118\/revisions"}],"predecessor-version":[{"id":10119,"href":"https:\/\/tennistarragona.com\/es\/wp-json\/wp\/v2\/posts\/10118\/revisions\/10119"}],"wp:featuredmedia":[{"embeddable":true,"href":"https:\/\/tennistarragona.com\/es\/wp-json\/wp\/v2\/media\/10114"}],"wp:attachment":[{"href":"https:\/\/tennistarragona.com\/es\/wp-json\/wp\/v2\/media?parent=10118"}],"wp:term":[{"taxonomy":"category","embeddable":true,"href":"https:\/\/tennistarragona.com\/es\/wp-json\/wp\/v2\/categories?post=10118"},{"taxonomy":"post_tag","embeddable":true,"href":"https:\/\/tennistarragona.com\/es\/wp-json\/wp\/v2\/tags?post=10118"}],"curies":[{"name":"wp","href":"https:\/\/api.w.org\/{rel}","templated":true}]}}