{"id":7630,"date":"2025-08-05T14:19:22","date_gmt":"2025-08-05T13:19:22","guid":{"rendered":"https:\/\/tennistarragona.com\/?p=7630"},"modified":"2025-08-05T14:25:46","modified_gmt":"2025-08-05T13:25:46","slug":"nocturn-by-lexus-2025","status":"publish","type":"post","link":"https:\/\/tennistarragona.com\/en\/nocturn-by-lexus-2025\/","title":{"rendered":"NOCTURN BY LEXUS 2025"},"content":{"rendered":"\n<p>M\u00e9s de 150 parelles han format part del torneig estrella de l\u2019estiu al Club Tennis Tarragona: el <strong>Nocturn by Lexus 2025<\/strong>. Durant tota una setmana, socis, familiars i amics han gaudit d\u2019enfrontaments intensos tant a les pistes de tennis com de p\u00e0del, amb molt bon ambient i ganes de competir.<\/p>\n\n\n\n<p>El torneig va culminar amb una <strong>edici\u00f3 especial amb un sopar de blanc<\/strong>, amenitzat pel <strong>DJ Christian Compte<\/strong>, director de T\u00f2tem Caf\u00e9 i T\u00f2tem Discoteca, que ens va oferir tres hores de m\u00fasica en directe, creant una atmosfera \u00fanica i festiva al club.<\/p>\n\n\n\n<p>Des del CTT volem agrair de tot cor la participaci\u00f3 de tots els jugadors i assistents, aix\u00ed com el gran ambient que s\u2019ha generat aquests dies. Tamb\u00e9 volem fer una menci\u00f3 especial al <strong>patrocinador oficial Grup Pons \u2013 Lexus<\/strong>, que va sorprendre tots els participants amb el sorteig d\u2019una <strong>incre\u00efble Lexus Experience<\/strong>: una nit a l\u2019hotel Meridien Ra amb un vehicle Lexus de primera gamma a disposici\u00f3.<\/p>\n\n\n\n<p>Consulta a continuaci\u00f3 els <strong>campions i finalistes de cada categoria<\/strong>. Enhorabona a tots\/es!<\/p>\n\n\n\n<h2 class=\"wp-block-heading\">\ud83c\udfbe <strong>Quadre d\u2019Honor \u2013 Tennis<\/strong><\/h2>\n\n\n\n<p><strong>Categoria Masculina<\/strong><br>Campions: Benediktas Verkovskis i Gen\u00eds Ribas<br>Finalistes: Adri\u00e0 Pluvinet i Guillem Pluvinet<\/p>\n\n\n\n<p><strong>Categoria Femenina<\/strong><br>Campiones: Maria B\u00e1rbara Peek i Liliana del Valle Giordano<br>Finalistes: \u00c0urea G\u00f3mez Mej\u00edas i N\u00faria Trilla<\/p>\n\n\n\n<p><strong>Categoria Mixta<\/strong><br>Campions: Toni Rovira i Isabel Tabue\u00f1a<br>Finalistes: Aida Castellanos i Sebasti\u00e0 Sastriues<\/p>\n\n\n\n<p><strong>Categoria Veterans<\/strong><br>Campions: Francisco D\u00edaz i Francisco Ram\u00edrez<br>Finalistes: Rafa D\u00edaz i Jaume Celmet<\/p>\n\n\n\n<p><strong>Categoria Pares i Fills 1a Categoria<\/strong><br>Campions: Fernando Elvira i Bruno Duran<br>Finalistes: Ferran D\u00edaz de Argando\u00f1a Espinoza i Ferran D\u00edaz de Argando\u00f1a Veciana<\/p>\n\n\n\n<p><strong>Categoria Pares i Fills 2a Categoria<\/strong><br>Campiones: Juncal Maria Garc\u00eda i Judith Escute<br>Finalistes: Gerard Teixid\u00f3 i Georgia Gonz\u00e1lez<\/p>\n\n\n\n<p><strong>Categoria Juvenil 1a Categoria<\/strong><br>Campiones: Valeria Gimeno i Carla Meran<br>Finalistes: Mar Cabr\u00e9 i J\u00falia Teixid\u00f3<\/p>\n\n\n\n<p><strong>Categoria Juvenil 2a Categoria<\/strong><br>Campions: Ramiro Ram\u00edrez i Bruno Duran<br>Finalistes: Mateo Navaridas i Jaume Fullana<\/p>\n\n\n\n<hr class=\"wp-block-separator has-alpha-channel-opacity\"\/>\n\n\n\n<h2 class=\"wp-block-heading\">\ud83e\udd4e <strong>Quadre d\u2019Honor \u2013 P\u00e0del<\/strong><\/h2>\n\n\n\n<p><strong>Categoria Pares i Fills 1a Categoria<\/strong><br>Campions: Nico Duran i Eric Mata<br>Finalistes: Paula Mart\u00ed i Sergi Mart\u00ed<\/p>\n\n\n\n<p><strong>Categoria Pares i Fills 2a Categoria<\/strong><br>Campions: Pau Vives i David Vives<br>Finalistes: In\u00e9s Mendoza i Alexis Mendoza<\/p>\n\n\n\n<p><strong>Categoria Mixta 1a Categoria<\/strong><br>Campions: S\u00f2nia Poveda i Pedro Guti\u00e9rrez<br>Finalistes: Cl\u00e0udia Estrade i Pol Virgili<\/p>\n\n\n\n<p><strong>Categoria Mixta 2a Categoria<\/strong><br>Campions: \u00c0ngels Garcia i Juan San Miquel<br>Finalistes: Laia Meran i Pol P\u00e9rez<\/p>\n\n\n\n<p><strong>Categoria Mixta 3a Categoria<\/strong><br>Campions: David Giraldo i Marta Angl\u00e8s<br>Finalistes: Imma Felipe i Jos\u00e9 Luis Solans<\/p>\n\n\n\n<p><strong>Categoria Masculina 1a Categoria<\/strong><br>Campions: Albert Bozalongo i \u00c0lex Valeriano<br>Finalistes: Alberto Gil i Pedro Guti\u00e9rrez<\/p>\n\n\n\n<p><strong>Categoria Masculina 2a Categoria<\/strong><br>Campions: Michele Burla i Fernando Castej\u00f3n<br>Finalistes: Jordi Amate i David Vives<\/p>\n\n\n\n<p><strong>Categoria Masculina 3a Categoria<\/strong><br>Campions: Adri\u00e1n Lara i Iv\u00e1n Romero<br>Finalistes: Jan Ferrer i Aleix Tom\u00e0s<\/p>\n\n\n\n<p><strong>Categoria Femenina 1a Categoria<\/strong><br>Campiones: Ornella Visotto i Laura Fumagalli<br>Finalistes: Sebi Valverde i Ver\u00f3nica Corrochano<\/p>\n\n\n\n<p><strong>Categoria Femenina 2a Categoria<\/strong><br>Campiones: Carla Meran i Valeria Gimeno<br>Finalistes: Montse Freixas i Montse Blanch<\/p>\n\n\n\n<p>TOTES LES FOTOS, AQU\u00cd!<\/p>\n\n\n\n<figure class=\"wp-block-embed is-type-rich is-provider-flickr wp-block-embed-flickr\"><div class=\"wp-block-embed__wrapper\">\n<a data-flickr-embed=\"true\" href=\"https:\/\/www.flickr.com\/photos\/201175535@N05\/albums\/72177720328171457\" title=\"NOCTURN BY LEXUS 2025 by club tennis tarragona, on Flickr\" target=\"_blank\" rel=\"noopener\"><img fetchpriority=\"high\" decoding=\"async\" src=\"https:\/\/live.staticflickr.com\/65535\/54701657333_f55c79337c_c.jpg\" width=\"800\" height=\"600\" alt=\"IMG-20250730-WA0011\" title=\"\"><\/a><script async src='https:\/\/embedr.flickr.com\/assets\/client-code.js' charset='utf-8'><\/script>\n<\/div><\/figure>\n","protected":false},"excerpt":{"rendered":"<p>M\u00e9s de 150 parelles han format part del torneig estrella de l\u2019estiu al Club Tennis Tarragona: el Nocturn by Lexus 2025. Durant tota una setmana, socis, familiars i amics han gaudit d\u2019enfrontaments intensos tant a les pistes de tennis com de p\u00e0del, amb molt bon ambient i ganes de competir. El torneig va culminar amb [&hellip;]<\/p>\n","protected":false},"author":2,"featured_media":7631,"comment_status":"closed","ping_status":"closed","sticky":false,"template":"","format":"standard","meta":{"footnotes":""},"categories":[1],"tags":[],"class_list":["post-7630","post","type-post","status-publish","format-standard","has-post-thumbnail","hentry","category-sin-categorizar"],"_links":{"self":[{"href":"https:\/\/tennistarragona.com\/en\/wp-json\/wp\/v2\/posts\/7630","targetHints":{"allow":["GET"]}}],"collection":[{"href":"https:\/\/tennistarragona.com\/en\/wp-json\/wp\/v2\/posts"}],"about":[{"href":"https:\/\/tennistarragona.com\/en\/wp-json\/wp\/v2\/types\/post"}],"author":[{"embeddable":true,"href":"https:\/\/tennistarragona.com\/en\/wp-json\/wp\/v2\/users\/2"}],"replies":[{"embeddable":true,"href":"https:\/\/tennistarragona.com\/en\/wp-json\/wp\/v2\/comments?post=7630"}],"version-history":[{"count":3,"href":"https:\/\/tennistarragona.com\/en\/wp-json\/wp\/v2\/posts\/7630\/revisions"}],"predecessor-version":[{"id":7637,"href":"https:\/\/tennistarragona.com\/en\/wp-json\/wp\/v2\/posts\/7630\/revisions\/7637"}],"wp:featuredmedia":[{"embeddable":true,"href":"https:\/\/tennistarragona.com\/en\/wp-json\/wp\/v2\/media\/7631"}],"wp:attachment":[{"href":"https:\/\/tennistarragona.com\/en\/wp-json\/wp\/v2\/media?parent=7630"}],"wp:term":[{"taxonomy":"category","embeddable":true,"href":"https:\/\/tennistarragona.com\/en\/wp-json\/wp\/v2\/categories?post=7630"},{"taxonomy":"post_tag","embeddable":true,"href":"https:\/\/tennistarragona.com\/en\/wp-json\/wp\/v2\/tags?post=7630"}],"curies":[{"name":"wp","href":"https:\/\/api.w.org\/{rel}","templated":true}]}}